{"id":19874,"date":"2024-10-07T16:12:43","date_gmt":"2024-10-07T14:12:43","guid":{"rendered":"https:\/\/www.socialfootballsummit.com\/?p=19874"},"modified":"2024-10-07T16:12:43","modified_gmt":"2024-10-07T14:12:43","slug":"sfs-annuncia-la-media-partnership-con-corriere-dello-sport","status":"publish","type":"post","link":"https:\/\/www.socialfootballsummit.com\/it\/sfs-annuncia-la-media-partnership-con-corriere-dello-sport\/","title":{"rendered":"SFS annuncia la media partnership con Corriere dello Sport"},"content":{"rendered":"\n<p><strong>SFS<\/strong>&nbsp;\u00e8 entusiasta di annunciare una nuova ed importante collaborazione con&nbsp;<strong>Corriere dello Sport<\/strong>, una delle testate sportive pi\u00f9 autorevoli e seguite in Italia. Questa partnership strategica punta a valorizzare ulteriormente le attivit\u00e0 e gli eventi organizzati da SFS, garantendo una copertura mediatica di alto profilo su una piattaforma di grande rilevanza nel panorama sportivo nazionale.<\/p>\n\n\n\n<p>Grazie a questa collaborazione,&nbsp;<em>Corriere dello Sport<\/em>&nbsp;diventer\u00e0&nbsp;<strong><em>media partner ufficiale di SFS<\/em><\/strong>, offrendo visibilit\u00e0 esclusiva ai nostri progetti e permettendo di raggiungere un pubblico sempre pi\u00f9 vasto. Saranno previste interviste, articoli e contenuti multimediali dedicati alle iniziative targate SFS, con una particolare attenzione alle novit\u00e0 del settore sport business.<\/p>\n","protected":false},"excerpt":{"rendered":"<p>SFS&nbsp;\u00e8 entusiasta di annunciare una nuova ed importante collaborazione con&nbsp;Corriere dello Sport, una delle testate sportive pi\u00f9 autorevoli e seguite in Italia. Questa partnership strategica punta a valorizzare ulteriormente le attivit\u00e0 e gli eventi organizzati da SFS, garantendo una copertura mediatica di alto profilo su una piattaforma di grande rilevanza nel panorama sportivo nazionale. Grazie a questa collaborazione,&nbsp;Corriere dello Sport&nbsp;diventer\u00e0&nbsp;media partner ufficiale di SFS, offrendo visibilit\u00e0 esclusiva ai nostri progetti e permettendo di raggiungere un pubblico sempre pi\u00f9 vasto. Saranno [&hellip;]<\/p>\n","protected":false},"author":3,"featured_media":19875,"comment_status":"closed","ping_status":"closed","sticky":false,"template":"","format":"standard","meta":{"_acf_changed":false,"inline_featured_image":false,"footnotes":""},"categories":[152,163],"tags":[242],"coauthors":[],"class_list":["post-19874","post","type-post","status-publish","format-standard","has-post-thumbnail","hentry","category-blog","category-blog-2","tag-corriere-dello-sport"],"acf":[],"yoast_head":"<!-- This site is optimized with the Yoast SEO plugin v24.4 - https:\/\/yoast.com\/wordpress\/plugins\/seo\/ -->\n<title>SFS annuncia la media partnership con Corriere dello Sport - SFS<\/title>\n<meta name=\"description\" content=\"SFS\u00a0\u00e8 entusiasta di annunciare una nuova ed importante collaborazione con\u00a0Corriere dello Sport, una delle testate sportive pi\u00f9 autorevoli e seguite in Italia.\" \/>\n<meta name=\"robots\" content=\"index, follow, max-snippet:-1, max-image-preview:large, max-video-preview:-1\" \/>\n<link rel=\"canonical\" href=\"https:\/\/www.socialfootballsummit.com\/it\/sfs-annuncia-la-media-partnership-con-corriere-dello-sport\/\" \/>\n<meta property=\"og:locale\" content=\"it_IT\" \/>\n<meta property=\"og:type\" content=\"article\" \/>\n<meta property=\"og:title\" content=\"SFS annuncia la media partnership con Corriere dello Sport - SFS\" \/>\n<meta property=\"og:description\" content=\"SFS\u00a0\u00e8 entusiasta di annunciare una nuova ed importante collaborazione con\u00a0Corriere dello Sport, una delle testate sportive pi\u00f9 autorevoli e seguite in Italia.\" \/>\n<meta property=\"og:url\" content=\"https:\/\/www.socialfootballsummit.com\/it\/sfs-annuncia-la-media-partnership-con-corriere-dello-sport\/\" \/>\n<meta property=\"og:site_name\" content=\"SFS\" \/>\n<meta property=\"article:publisher\" content=\"https:\/\/www.facebook.com\/sfsummit\" \/>\n<meta property=\"article:published_time\" content=\"2024-10-07T14:12:43+00:00\" \/>\n<meta property=\"og:image\" content=\"https:\/\/www.socialfootballsummit.com\/wp-content\/uploads\/2024\/10\/corriere-dello-sport.jpg\" \/>\n\t<meta property=\"og:image:width\" content=\"1200\" \/>\n\t<meta property=\"og:image:height\" content=\"630\" \/>\n\t<meta property=\"og:image:type\" content=\"image\/jpeg\" \/>\n<meta name=\"author\" content=\"A. Canichella\" \/>\n<meta name=\"twitter:card\" content=\"summary_large_image\" \/>\n<meta name=\"twitter:label1\" content=\"Scritto da\" \/>\n\t<meta name=\"twitter:data1\" content=\"A. Canichella\" \/>\n\t<meta name=\"twitter:label2\" content=\"Tempo di lettura stimato\" \/>\n\t<meta name=\"twitter:data2\" content=\"1 minuto\" \/>\n<script type=\"application\/ld+json\" class=\"yoast-schema-graph\">{\"@context\":\"https:\/\/schema.org\",\"@graph\":[{\"@type\":\"Article\",\"@id\":\"https:\/\/www.socialfootballsummit.com\/it\/sfs-annuncia-la-media-partnership-con-corriere-dello-sport\/#article\",\"isPartOf\":{\"@id\":\"https:\/\/www.socialfootballsummit.com\/it\/sfs-annuncia-la-media-partnership-con-corriere-dello-sport\/\"},\"author\":{\"name\":\"A. Canichella\",\"@id\":\"https:\/\/www.socialfootballsummit.com\/it\/#\/schema\/person\/5d1af1f0bd8fad6e1aad6f29ae68fb8d\"},\"headline\":\"SFS annuncia la media partnership con Corriere dello Sport\",\"datePublished\":\"2024-10-07T14:12:43+00:00\",\"mainEntityOfPage\":{\"@id\":\"https:\/\/www.socialfootballsummit.com\/it\/sfs-annuncia-la-media-partnership-con-corriere-dello-sport\/\"},\"wordCount\":119,\"publisher\":{\"@id\":\"https:\/\/www.socialfootballsummit.com\/it\/#organization\"},\"image\":{\"@id\":\"https:\/\/www.socialfootballsummit.com\/it\/sfs-annuncia-la-media-partnership-con-corriere-dello-sport\/#primaryimage\"},\"thumbnailUrl\":\"https:\/\/www.socialfootballsummit.com\/wp-content\/uploads\/2024\/10\/corriere-dello-sport.jpg\",\"keywords\":[\"Corriere dello Sport\"],\"articleSection\":[\"Blog\",\"Blog\"],\"inLanguage\":\"it-IT\"},{\"@type\":\"WebPage\",\"@id\":\"https:\/\/www.socialfootballsummit.com\/it\/sfs-annuncia-la-media-partnership-con-corriere-dello-sport\/\",\"url\":\"https:\/\/www.socialfootballsummit.com\/it\/sfs-annuncia-la-media-partnership-con-corriere-dello-sport\/\",\"name\":\"SFS annuncia la media partnership con Corriere dello Sport - SFS\",\"isPartOf\":{\"@id\":\"https:\/\/www.socialfootballsummit.com\/it\/#website\"},\"primaryImageOfPage\":{\"@id\":\"https:\/\/www.socialfootballsummit.com\/it\/sfs-annuncia-la-media-partnership-con-corriere-dello-sport\/#primaryimage\"},\"image\":{\"@id\":\"https:\/\/www.socialfootballsummit.com\/it\/sfs-annuncia-la-media-partnership-con-corriere-dello-sport\/#primaryimage\"},\"thumbnailUrl\":\"https:\/\/www.socialfootballsummit.com\/wp-content\/uploads\/2024\/10\/corriere-dello-sport.jpg\",\"datePublished\":\"2024-10-07T14:12:43+00:00\",\"description\":\"SFS\u00a0\u00e8 entusiasta di annunciare una nuova ed importante collaborazione con\u00a0Corriere dello Sport, una delle testate sportive pi\u00f9 autorevoli e seguite in Italia.\",\"breadcrumb\":{\"@id\":\"https:\/\/www.socialfootballsummit.com\/it\/sfs-annuncia-la-media-partnership-con-corriere-dello-sport\/#breadcrumb\"},\"inLanguage\":\"it-IT\",\"potentialAction\":[{\"@type\":\"ReadAction\",\"target\":[\"https:\/\/www.socialfootballsummit.com\/it\/sfs-annuncia-la-media-partnership-con-corriere-dello-sport\/\"]}]},{\"@type\":\"ImageObject\",\"inLanguage\":\"it-IT\",\"@id\":\"https:\/\/www.socialfootballsummit.com\/it\/sfs-annuncia-la-media-partnership-con-corriere-dello-sport\/#primaryimage\",\"url\":\"https:\/\/www.socialfootballsummit.com\/wp-content\/uploads\/2024\/10\/corriere-dello-sport.jpg\",\"contentUrl\":\"https:\/\/www.socialfootballsummit.com\/wp-content\/uploads\/2024\/10\/corriere-dello-sport.jpg\",\"width\":1200,\"height\":630,\"caption\":\"Corriere dello Sport\"},{\"@type\":\"BreadcrumbList\",\"@id\":\"https:\/\/www.socialfootballsummit.com\/it\/sfs-annuncia-la-media-partnership-con-corriere-dello-sport\/#breadcrumb\",\"itemListElement\":[{\"@type\":\"ListItem\",\"position\":1,\"name\":\"Home\",\"item\":\"https:\/\/www.socialfootballsummit.com\/it\/\"},{\"@type\":\"ListItem\",\"position\":2,\"name\":\"SFS annuncia la media partnership con Corriere dello Sport\"}]},{\"@type\":\"WebSite\",\"@id\":\"https:\/\/www.socialfootballsummit.com\/it\/#website\",\"url\":\"https:\/\/www.socialfootballsummit.com\/it\/\",\"name\":\"SFS\",\"description\":\"\",\"publisher\":{\"@id\":\"https:\/\/www.socialfootballsummit.com\/it\/#organization\"},\"potentialAction\":[{\"@type\":\"SearchAction\",\"target\":{\"@type\":\"EntryPoint\",\"urlTemplate\":\"https:\/\/www.socialfootballsummit.com\/it\/?s={search_term_string}\"},\"query-input\":{\"@type\":\"PropertyValueSpecification\",\"valueRequired\":true,\"valueName\":\"search_term_string\"}}],\"inLanguage\":\"it-IT\"},{\"@type\":\"Organization\",\"@id\":\"https:\/\/www.socialfootballsummit.com\/it\/#organization\",\"name\":\"SFS\",\"url\":\"https:\/\/www.socialfootballsummit.com\/it\/\",\"logo\":{\"@type\":\"ImageObject\",\"inLanguage\":\"it-IT\",\"@id\":\"https:\/\/www.socialfootballsummit.com\/it\/#\/schema\/logo\/image\/\",\"url\":\"https:\/\/www.socialfootballsummit.com\/wp-content\/uploads\/2024\/06\/SFS-logo-696x696-1.jpg\",\"contentUrl\":\"https:\/\/www.socialfootballsummit.com\/wp-content\/uploads\/2024\/06\/SFS-logo-696x696-1.jpg\",\"width\":697,\"height\":696,\"caption\":\"SFS\"},\"image\":{\"@id\":\"https:\/\/www.socialfootballsummit.com\/it\/#\/schema\/logo\/image\/\"},\"sameAs\":[\"https:\/\/www.facebook.com\/sfsummit\",\"https:\/\/www.instagram.com\/social_football_summit\/\",\"https:\/\/www.youtube.com\/@socialfootballsummit\",\"https:\/\/www.linkedin.com\/showcase\/socialfootballsummit\/?originalSubdomain=it\"]},{\"@type\":\"Person\",\"@id\":\"https:\/\/www.socialfootballsummit.com\/it\/#\/schema\/person\/5d1af1f0bd8fad6e1aad6f29ae68fb8d\",\"name\":\"A. Canichella\",\"url\":\"https:\/\/www.socialfootballsummit.com\/it\/author\/a-canichella\/\"}]}<\/script>\n<!-- \/ Yoast SEO plugin. -->","yoast_head_json":{"title":"SFS annuncia la media partnership con Corriere dello Sport - SFS","description":"SFS\u00a0\u00e8 entusiasta di annunciare una nuova ed importante collaborazione con\u00a0Corriere dello Sport, una delle testate sportive pi\u00f9 autorevoli e seguite in Italia.","robots":{"index":"index","follow":"follow","max-snippet":"max-snippet:-1","max-image-preview":"max-image-preview:large","max-video-preview":"max-video-preview:-1"},"canonical":"https:\/\/www.socialfootballsummit.com\/it\/sfs-annuncia-la-media-partnership-con-corriere-dello-sport\/","og_locale":"it_IT","og_type":"article","og_title":"SFS annuncia la media partnership con Corriere dello Sport - SFS","og_description":"SFS\u00a0\u00e8 entusiasta di annunciare una nuova ed importante collaborazione con\u00a0Corriere dello Sport, una delle testate sportive pi\u00f9 autorevoli e seguite in Italia.","og_url":"https:\/\/www.socialfootballsummit.com\/it\/sfs-annuncia-la-media-partnership-con-corriere-dello-sport\/","og_site_name":"SFS","article_publisher":"https:\/\/www.facebook.com\/sfsummit","article_published_time":"2024-10-07T14:12:43+00:00","og_image":[{"width":1200,"height":630,"url":"https:\/\/www.socialfootballsummit.com\/wp-content\/uploads\/2024\/10\/corriere-dello-sport.jpg","type":"image\/jpeg"}],"author":"A. Canichella","twitter_card":"summary_large_image","twitter_misc":{"Scritto da":"A. Canichella","Tempo di lettura stimato":"1 minuto"},"schema":{"@context":"https:\/\/schema.org","@graph":[{"@type":"Article","@id":"https:\/\/www.socialfootballsummit.com\/it\/sfs-annuncia-la-media-partnership-con-corriere-dello-sport\/#article","isPartOf":{"@id":"https:\/\/www.socialfootballsummit.com\/it\/sfs-annuncia-la-media-partnership-con-corriere-dello-sport\/"},"author":{"name":"A. Canichella","@id":"https:\/\/www.socialfootballsummit.com\/it\/#\/schema\/person\/5d1af1f0bd8fad6e1aad6f29ae68fb8d"},"headline":"SFS annuncia la media partnership con Corriere dello Sport","datePublished":"2024-10-07T14:12:43+00:00","mainEntityOfPage":{"@id":"https:\/\/www.socialfootballsummit.com\/it\/sfs-annuncia-la-media-partnership-con-corriere-dello-sport\/"},"wordCount":119,"publisher":{"@id":"https:\/\/www.socialfootballsummit.com\/it\/#organization"},"image":{"@id":"https:\/\/www.socialfootballsummit.com\/it\/sfs-annuncia-la-media-partnership-con-corriere-dello-sport\/#primaryimage"},"thumbnailUrl":"https:\/\/www.socialfootballsummit.com\/wp-content\/uploads\/2024\/10\/corriere-dello-sport.jpg","keywords":["Corriere dello Sport"],"articleSection":["Blog","Blog"],"inLanguage":"it-IT"},{"@type":"WebPage","@id":"https:\/\/www.socialfootballsummit.com\/it\/sfs-annuncia-la-media-partnership-con-corriere-dello-sport\/","url":"https:\/\/www.socialfootballsummit.com\/it\/sfs-annuncia-la-media-partnership-con-corriere-dello-sport\/","name":"SFS annuncia la media partnership con Corriere dello Sport - SFS","isPartOf":{"@id":"https:\/\/www.socialfootballsummit.com\/it\/#website"},"primaryImageOfPage":{"@id":"https:\/\/www.socialfootballsummit.com\/it\/sfs-annuncia-la-media-partnership-con-corriere-dello-sport\/#primaryimage"},"image":{"@id":"https:\/\/www.socialfootballsummit.com\/it\/sfs-annuncia-la-media-partnership-con-corriere-dello-sport\/#primaryimage"},"thumbnailUrl":"https:\/\/www.socialfootballsummit.com\/wp-content\/uploads\/2024\/10\/corriere-dello-sport.jpg","datePublished":"2024-10-07T14:12:43+00:00","description":"SFS\u00a0\u00e8 entusiasta di annunciare una nuova ed importante collaborazione con\u00a0Corriere dello Sport, una delle testate sportive pi\u00f9 autorevoli e seguite in Italia.","breadcrumb":{"@id":"https:\/\/www.socialfootballsummit.com\/it\/sfs-annuncia-la-media-partnership-con-corriere-dello-sport\/#breadcrumb"},"inLanguage":"it-IT","potentialAction":[{"@type":"ReadAction","target":["https:\/\/www.socialfootballsummit.com\/it\/sfs-annuncia-la-media-partnership-con-corriere-dello-sport\/"]}]},{"@type":"ImageObject","inLanguage":"it-IT","@id":"https:\/\/www.socialfootballsummit.com\/it\/sfs-annuncia-la-media-partnership-con-corriere-dello-sport\/#primaryimage","url":"https:\/\/www.socialfootballsummit.com\/wp-content\/uploads\/2024\/10\/corriere-dello-sport.jpg","contentUrl":"https:\/\/www.socialfootballsummit.com\/wp-content\/uploads\/2024\/10\/corriere-dello-sport.jpg","width":1200,"height":630,"caption":"Corriere dello Sport"},{"@type":"BreadcrumbList","@id":"https:\/\/www.socialfootballsummit.com\/it\/sfs-annuncia-la-media-partnership-con-corriere-dello-sport\/#breadcrumb","itemListElement":[{"@type":"ListItem","position":1,"name":"Home","item":"https:\/\/www.socialfootballsummit.com\/it\/"},{"@type":"ListItem","position":2,"name":"SFS annuncia la media partnership con Corriere dello Sport"}]},{"@type":"WebSite","@id":"https:\/\/www.socialfootballsummit.com\/it\/#website","url":"https:\/\/www.socialfootballsummit.com\/it\/","name":"SFS","description":"","publisher":{"@id":"https:\/\/www.socialfootballsummit.com\/it\/#organization"},"potentialAction":[{"@type":"SearchAction","target":{"@type":"EntryPoint","urlTemplate":"https:\/\/www.socialfootballsummit.com\/it\/?s={search_term_string}"},"query-input":{"@type":"PropertyValueSpecification","valueRequired":true,"valueName":"search_term_string"}}],"inLanguage":"it-IT"},{"@type":"Organization","@id":"https:\/\/www.socialfootballsummit.com\/it\/#organization","name":"SFS","url":"https:\/\/www.socialfootballsummit.com\/it\/","logo":{"@type":"ImageObject","inLanguage":"it-IT","@id":"https:\/\/www.socialfootballsummit.com\/it\/#\/schema\/logo\/image\/","url":"https:\/\/www.socialfootballsummit.com\/wp-content\/uploads\/2024\/06\/SFS-logo-696x696-1.jpg","contentUrl":"https:\/\/www.socialfootballsummit.com\/wp-content\/uploads\/2024\/06\/SFS-logo-696x696-1.jpg","width":697,"height":696,"caption":"SFS"},"image":{"@id":"https:\/\/www.socialfootballsummit.com\/it\/#\/schema\/logo\/image\/"},"sameAs":["https:\/\/www.facebook.com\/sfsummit","https:\/\/www.instagram.com\/social_football_summit\/","https:\/\/www.youtube.com\/@socialfootballsummit","https:\/\/www.linkedin.com\/showcase\/socialfootballsummit\/?originalSubdomain=it"]},{"@type":"Person","@id":"https:\/\/www.socialfootballsummit.com\/it\/#\/schema\/person\/5d1af1f0bd8fad6e1aad6f29ae68fb8d","name":"A. Canichella","url":"https:\/\/www.socialfootballsummit.com\/it\/author\/a-canichella\/"}]}},"_links":{"self":[{"href":"https:\/\/www.socialfootballsummit.com\/it\/wp-json\/wp\/v2\/posts\/19874","targetHints":{"allow":["GET"]}}],"collection":[{"href":"https:\/\/www.socialfootballsummit.com\/it\/wp-json\/wp\/v2\/posts"}],"about":[{"href":"https:\/\/www.socialfootballsummit.com\/it\/wp-json\/wp\/v2\/types\/post"}],"author":[{"embeddable":true,"href":"https:\/\/www.socialfootballsummit.com\/it\/wp-json\/wp\/v2\/users\/3"}],"replies":[{"embeddable":true,"href":"https:\/\/www.socialfootballsummit.com\/it\/wp-json\/wp\/v2\/comments?post=19874"}],"version-history":[{"count":1,"href":"https:\/\/www.socialfootballsummit.com\/it\/wp-json\/wp\/v2\/posts\/19874\/revisions"}],"predecessor-version":[{"id":19877,"href":"https:\/\/www.socialfootballsummit.com\/it\/wp-json\/wp\/v2\/posts\/19874\/revisions\/19877"}],"wp:featuredmedia":[{"embeddable":true,"href":"https:\/\/www.socialfootballsummit.com\/it\/wp-json\/wp\/v2\/media\/19875"}],"wp:attachment":[{"href":"https:\/\/www.socialfootballsummit.com\/it\/wp-json\/wp\/v2\/media?parent=19874"}],"wp:term":[{"taxonomy":"category","embeddable":true,"href":"https:\/\/www.socialfootballsummit.com\/it\/wp-json\/wp\/v2\/categories?post=19874"},{"taxonomy":"post_tag","embeddable":true,"href":"https:\/\/www.socialfootballsummit.com\/it\/wp-json\/wp\/v2\/tags?post=19874"},{"taxonomy":"author","embeddable":true,"href":"https:\/\/www.socialfootballsummit.com\/it\/wp-json\/wp\/v2\/coauthors?post=19874"}],"curies":[{"name":"wp","href":"https:\/\/api.w.org\/{rel}","templated":true}]}}