{"id":22131,"date":"2024-11-13T17:09:28","date_gmt":"2024-11-13T16:09:28","guid":{"rendered":"https:\/\/www.socialfootballsummit.com\/?p=22131"},"modified":"2024-11-13T17:13:55","modified_gmt":"2024-11-13T16:13:55","slug":"intervista-con-antonio-amati-direttore-generale-it-per-almaviva","status":"publish","type":"post","link":"https:\/\/www.socialfootballsummit.com\/it\/intervista-con-antonio-amati-direttore-generale-it-per-almaviva\/","title":{"rendered":"INTERVISTA CON ANTONIO AMATI, Direttore Generale IT per AlmavivA"},"content":{"rendered":"\n<p><em>Innovation partner<\/em> del SFS24, <a href=\"https:\/\/www.socialfootballsummit.com\/it\/ticket-sfs24\/\"><strong>che si svolger\u00e0 il 19 e 20 novembre presso lo stadio Olimpico di Roma<\/strong><\/a>, <strong>AlmavivA<\/strong> \u00e8 un <em>player<\/em> di rilievo nel mercato tecnologico e digitale. Per l&#8217;occasione, abbiamo realizzato un&#8217;intervista ad <strong>Antonio Amati<\/strong>, Direttore Generale IT, che &#8211; tra l&#8217;altro &#8211; \u00e8 stato attivamente coinvolto nella promozione della <strong><a href=\"https:\/\/www.socialfootballsummit.com\/it\/pitch-competition-del-sfs24\/\">challenge per la nostra Extra Time startup competition<\/a><\/strong>. Ecco quello che ci siamo detti: <\/p>\n\n\n\n<p><\/p>\n\n\n\n<p><strong><em>Cosa vi aspettate dall\u2019Extratime, di cui siete stati il principale promotore della challenge? Avete aspettative di qualche tipo? Come dovrebbe essere strutturato un pitch affinch\u00e9 possa ambire a vincere il premio?<\/em><\/strong><br>Idee capaci di portare un\u2019innovazione concreta e sostenibile nel mondo della <em>Football Industry<\/em>, valorizzando l\u2019aspetto tecnologico come motore di cambiamento. Un <em>pitch<\/em> vincente dovrebbe mostrare una visione chiara e realistica, con soluzioni che possano evolvere grazie allo scambio tra mondo delle start-up e quello dell\u2019industria, puntando su sinergia e crescita condivisa. Cerchiamo progetti che dimostrino un impatto positivo e duraturo, che vedano nel calcio un terreno di gioco dove sperimentare soluzioni in grado di migliorare l\u2019esperienza di tifosi e operatori del settore. Un\u2019innovazione che a tendere possa essere applicata anche per creare un valore globale, non solo nel calcio, rispondendo alle sfide contemporanee con creativit\u00e0 e responsabilit\u00e0.<\/p>\n\n\n\n<p><em><strong><br>Come si relaziona Almaviva con i processi di digitalizzazione che hanno investito la football industry? Potete fare esempi di case history per cui avete sviluppato sistemi informatici ad hoc?<br><\/strong><\/em>Almaviva \u00e8 portatrice di innovazione digitale in tutti i settori di business e negli <em>asset<\/em> critici del sistema Paese. Allo stesso modo \u00e8 presente in un ambito significativo come quello della <em>Football Industry<\/em>. In primis, siamo presenti nelle soluzioni tecnologiche per il contrasto efficace alla pirateria nel settore sportivo. Sistemi di monitoraggio in tempo reale, costantemente aggiornati, fondamentali per individuare rapidamente nuove minacce. Tecniche di intelligenza artificiale e machine learning per analizzare il traffico internet e individuare pattern sospetti, essenziali per anticipare le nuove tecniche. E cos\u00ec sistemi di <em>takedown<\/em> automatizzati in grado di rimuovere rapidamente i contenuti illegali e reagire rapidamente agli attacchi. L&#8217;analisi predittiva, basata sullo studio delle tendenze e dei modelli di comportamento degli autori di pirateria, aiuta ad anticipare le future minacce e a prevenire attacchi futuri. Per noi \u00e8 fondamentale investire nella formazione di un team di esperti di <em>cybersecurity<\/em> altamente qualificati e costantemente aggiornati sulle ultime tecniche di pirateria digitale.<\/p>\n\n\n\n<p><em><br><strong>Tra i tanti temi trattati al SFS24, la pirateria \u00e8 uno dei fondamentali. Quali sono le principali strategie tecnologiche preventive che possono essere implementate per proteggere i contenuti digitali nel mondo del calcio?<\/strong><br><\/em>Ce ne sono diverse. Le Tecnologie di gestione dei diritti digitali (DRM) avanzate, come la crittografia e la <em>watermarking<\/em> invisibile, rendono pi\u00f9 difficile l&#8217;accesso illegale e la riproduzione non autorizzata dei contenuti. Sistemi di sicurezza infrastrutturali robusti, inclusi firewall, IDS\/IPS, e sistemi di rilevamento delle intrusioni, proteggono i server e le piattaforme che ospitano i contenuti. Un monitoraggio proattivo del traffico internet, utilizzando tecniche di analisi predittiva, permette di identificare potenziali minacce e di intervenire prima che possano causare danni. Le diverse strategie, integrate tra loro, contribuiscono a rendere pi\u00f9 difficile e costoso l&#8217;accesso illegale ai contenuti, riducendo la diffusione di contenuti piratati.<\/p>\n\n\n<div class=\"wp-block-image\">\n<figure class=\"aligncenter size-large\"><img loading=\"lazy\" decoding=\"async\" width=\"1024\" height=\"538\" src=\"https:\/\/www.socialfootballsummit.com\/wp-content\/uploads\/2024\/11\/Sede-Almaviva-1024x538.png\" alt=\"\" class=\"wp-image-22136\" srcset=\"https:\/\/www.socialfootballsummit.com\/wp-content\/uploads\/2024\/11\/Sede-Almaviva-1024x538.png 1024w, https:\/\/www.socialfootballsummit.com\/wp-content\/uploads\/2024\/11\/Sede-Almaviva-300x158.png 300w, https:\/\/www.socialfootballsummit.com\/wp-content\/uploads\/2024\/11\/Sede-Almaviva-768x403.png 768w, https:\/\/www.socialfootballsummit.com\/wp-content\/uploads\/2024\/11\/Sede-Almaviva.png 1200w\" sizes=\"auto, (max-width: 1024px) 100vw, 1024px\" \/><\/figure>\n<\/div>\n\n\n<p><strong><em>Il binomio sport e tecnologia si sta imponendo con successo anche nell\u2019ambito della teleriabilitazione. Che cosa rende cos\u00ec interessante per il mondo degli atleti, le nuove tecniche riabilitative coadiuvate da tecnologie digitali?<\/em><\/strong><br>In Almaviva, crediamo fermamente al binomio vincente tra Sport &amp; Tecnologia, che parte dal superamento di un concetto reattivo ed ormai obsoleto di salute del paziente per spostarsi verso un paradigma olistico di benessere della persona in chiave One-Health e, proprio per questo, siamo consapevoli dell&#8217;enorme potenziale che la teleriabilitazione pu\u00f2 assumere anche nel comparto sportivo. La riabilitazione per gli atleti richiede un approccio mirato non solo alla guarigione, ma anche al recupero e alla salvaguardia nel tempo della performance fisica. Grazie alla collaborazione con il <strong>Centro all\u2019avanguardia di Medicina Riabilitativa Villa Beretta<\/strong> stiamo sperimentando le nuove tecniche riabilitative che fanno uso di realt\u00e0 virtuale, realt\u00e0 aumentata e intelligenza artificiale. La teleriabilitazione sportiva \u00e8 una nuova frontiera, che consente di monitorare i progressi degli atleti a distanza, offrendo loro un supporto continuo e personalizzato. Grazie a strumenti avanzati di analisi dei dati e sensori di ultima generazione, possiamo aiutare gli atleti a recuperare in modo sicuro e rapido, riducendo il rischio di recidive e migliorando il mantenimento di performance sul lungo periodo. Un\u2019indagine condotta nel 2023 ha mostrato che il 70% dei pazienti che ha utilizzato programmi di teleriabilitazione ha riportato miglioramenti significativi nella gestione della loro condizione. Inoltre, il 65% ha espresso una maggiore soddisfazione rispetto ai trattamenti tradizionali. Secondo stime recenti, l\u2019implementazione di programmi di teleriabilitazione potrebbe ridurre i costi complessivi della riabilitazione di circa il 30%, grazie all\u2019ottimizzazione delle risorse.<\/p>\n\n\n\n<p><\/p>\n\n\n\n<p><em><strong>La vostra vision comprende anche valori quali sostenibilit\u00e0, inclusione sociale e accessibilit\u00e0; oltre ad essere molto attivi in eventi quali Sports for good o la Run Rome Marathon. Come coniugare queste best practices in un contesto digitale?<\/strong><br><\/em>Attraverso la leva digitale, Almaviva \u00e8 impegnata a migliorare la vita delle persone, mettendo al servizio della collettivit\u00e0 le potenzialit\u00e0 della tecnologia e guidando la trasformazione\u00a0responsabilmente verso un futuro migliore per tutti. L\u2019obiettivo principale consiste nel portare la sostenibilit\u00e0 ai nostri clienti attraverso la nostra expertise tecnologica e innovativa, applicata ai prodotti e servizi che realizziamo. Ci impegniamo ad operare in modo sostenibile e a esercitare un\u2019influenza positiva sull\u2019ambiente socioeconomico in cui siamo inseriti, promuovendo un\u2019innovazione che sia benefica per la societ\u00e0 e rispettosa dell\u2019ecosistema sociale e ambientale. Su questa base valoriale, i pilastri dell\u2019inclusione sociale e dell\u2019accessibilit\u00e0 sono fondamentali e gli dedichiamo le potenzialit\u00e0 offerte dall\u2019evoluzione tecnologica e, dunque, le nostre soluzioni, oltre a promuovere progetti ed aderire a iniziative di responsabilit\u00e0 sociale e sensibilizzazione come, ad esempio, Sport for good e la Run Rome Marathon.<\/p>\n\n\n\n<p><\/p>\n","protected":false},"excerpt":{"rendered":"<p>Innovation partner del SFS24, che si svolger\u00e0 il 19 e 20 novembre presso lo stadio Olimpico di Roma, AlmavivA \u00e8 un player di rilievo nel mercato tecnologico e digitale. Per l&#8217;occasione, abbiamo realizzato un&#8217;intervista ad Antonio Amati, Direttore Generale IT, che &#8211; tra l&#8217;altro &#8211; \u00e8 stato attivamente coinvolto nella promozione della challenge per la nostra Extra Time startup competition. Ecco quello che ci siamo detti: Cosa vi aspettate dall\u2019Extratime, di cui siete stati il principale promotore della challenge? Avete [&hellip;]<\/p>\n","protected":false},"author":20,"featured_media":22132,"comment_status":"closed","ping_status":"closed","sticky":false,"template":"","format":"standard","meta":{"_acf_changed":false,"inline_featured_image":false,"footnotes":""},"categories":[152,163],"tags":[317,316],"coauthors":[],"class_list":["post-22131","post","type-post","status-publish","format-standard","has-post-thumbnail","hentry","category-blog","category-blog-2","tag-almaviva","tag-antonio-amati"],"acf":[],"yoast_head":"<!-- This site is optimized with the Yoast SEO plugin v24.4 - https:\/\/yoast.com\/wordpress\/plugins\/seo\/ -->\n<title>INTERVISTA CON ANTONIO AMATI, Direttore Generale IT per AlmavivA - SFS<\/title>\n<meta name=\"description\" content=\"Intervista con Antonio Amati, Direttore Generale IT per AlmavivA, in occasione del SFS24\" \/>\n<meta name=\"robots\" content=\"index, follow, max-snippet:-1, max-image-preview:large, max-video-preview:-1\" \/>\n<link rel=\"canonical\" href=\"https:\/\/www.socialfootballsummit.com\/it\/intervista-con-antonio-amati-direttore-generale-it-per-almaviva\/\" \/>\n<meta property=\"og:locale\" content=\"it_IT\" \/>\n<meta property=\"og:type\" content=\"article\" \/>\n<meta property=\"og:title\" content=\"INTERVISTA CON ANTONIO AMATI, Direttore Generale IT per AlmavivA - SFS\" \/>\n<meta property=\"og:description\" content=\"Intervista con Antonio Amati, Direttore Generale IT per AlmavivA, in occasione del SFS24\" \/>\n<meta property=\"og:url\" content=\"https:\/\/www.socialfootballsummit.com\/it\/intervista-con-antonio-amati-direttore-generale-it-per-almaviva\/\" \/>\n<meta property=\"og:site_name\" content=\"SFS\" \/>\n<meta property=\"article:publisher\" content=\"https:\/\/www.facebook.com\/sfsummit\" \/>\n<meta property=\"article:published_time\" content=\"2024-11-13T16:09:28+00:00\" \/>\n<meta property=\"article:modified_time\" content=\"2024-11-13T16:13:55+00:00\" \/>\n<meta property=\"og:image\" content=\"https:\/\/www.socialfootballsummit.com\/wp-content\/uploads\/2024\/11\/Antonio-Amati-1.png\" \/>\n\t<meta property=\"og:image:width\" content=\"1200\" \/>\n\t<meta property=\"og:image:height\" content=\"630\" \/>\n\t<meta property=\"og:image:type\" content=\"image\/png\" \/>\n<meta name=\"author\" content=\"Marco Carlotti\" \/>\n<meta name=\"twitter:card\" content=\"summary_large_image\" \/>\n<meta name=\"twitter:label1\" content=\"Scritto da\" \/>\n\t<meta name=\"twitter:data1\" content=\"Marco Carlotti\" \/>\n\t<meta name=\"twitter:label2\" content=\"Tempo di lettura stimato\" \/>\n\t<meta name=\"twitter:data2\" content=\"5 minuti\" \/>\n<script type=\"application\/ld+json\" class=\"yoast-schema-graph\">{\"@context\":\"https:\/\/schema.org\",\"@graph\":[{\"@type\":\"Article\",\"@id\":\"https:\/\/www.socialfootballsummit.com\/it\/intervista-con-antonio-amati-direttore-generale-it-per-almaviva\/#article\",\"isPartOf\":{\"@id\":\"https:\/\/www.socialfootballsummit.com\/it\/intervista-con-antonio-amati-direttore-generale-it-per-almaviva\/\"},\"author\":{\"name\":\"Marco Carlotti\",\"@id\":\"https:\/\/www.socialfootballsummit.com\/it\/#\/schema\/person\/5778867c98c9aaf1d31cc529baa24b88\"},\"headline\":\"INTERVISTA CON ANTONIO AMATI, Direttore Generale IT per AlmavivA\",\"datePublished\":\"2024-11-13T16:09:28+00:00\",\"dateModified\":\"2024-11-13T16:13:55+00:00\",\"mainEntityOfPage\":{\"@id\":\"https:\/\/www.socialfootballsummit.com\/it\/intervista-con-antonio-amati-direttore-generale-it-per-almaviva\/\"},\"wordCount\":980,\"publisher\":{\"@id\":\"https:\/\/www.socialfootballsummit.com\/it\/#organization\"},\"image\":{\"@id\":\"https:\/\/www.socialfootballsummit.com\/it\/intervista-con-antonio-amati-direttore-generale-it-per-almaviva\/#primaryimage\"},\"thumbnailUrl\":\"https:\/\/www.socialfootballsummit.com\/wp-content\/uploads\/2024\/11\/Antonio-Amati-1.png\",\"keywords\":[\"AlmavivA\",\"Antonio Amati\"],\"articleSection\":[\"Blog\",\"Blog\"],\"inLanguage\":\"it-IT\"},{\"@type\":\"WebPage\",\"@id\":\"https:\/\/www.socialfootballsummit.com\/it\/intervista-con-antonio-amati-direttore-generale-it-per-almaviva\/\",\"url\":\"https:\/\/www.socialfootballsummit.com\/it\/intervista-con-antonio-amati-direttore-generale-it-per-almaviva\/\",\"name\":\"INTERVISTA CON ANTONIO AMATI, Direttore Generale IT per AlmavivA - SFS\",\"isPartOf\":{\"@id\":\"https:\/\/www.socialfootballsummit.com\/it\/#website\"},\"primaryImageOfPage\":{\"@id\":\"https:\/\/www.socialfootballsummit.com\/it\/intervista-con-antonio-amati-direttore-generale-it-per-almaviva\/#primaryimage\"},\"image\":{\"@id\":\"https:\/\/www.socialfootballsummit.com\/it\/intervista-con-antonio-amati-direttore-generale-it-per-almaviva\/#primaryimage\"},\"thumbnailUrl\":\"https:\/\/www.socialfootballsummit.com\/wp-content\/uploads\/2024\/11\/Antonio-Amati-1.png\",\"datePublished\":\"2024-11-13T16:09:28+00:00\",\"dateModified\":\"2024-11-13T16:13:55+00:00\",\"description\":\"Intervista con Antonio Amati, Direttore Generale IT per AlmavivA, in occasione del SFS24\",\"breadcrumb\":{\"@id\":\"https:\/\/www.socialfootballsummit.com\/it\/intervista-con-antonio-amati-direttore-generale-it-per-almaviva\/#breadcrumb\"},\"inLanguage\":\"it-IT\",\"potentialAction\":[{\"@type\":\"ReadAction\",\"target\":[\"https:\/\/www.socialfootballsummit.com\/it\/intervista-con-antonio-amati-direttore-generale-it-per-almaviva\/\"]}]},{\"@type\":\"ImageObject\",\"inLanguage\":\"it-IT\",\"@id\":\"https:\/\/www.socialfootballsummit.com\/it\/intervista-con-antonio-amati-direttore-generale-it-per-almaviva\/#primaryimage\",\"url\":\"https:\/\/www.socialfootballsummit.com\/wp-content\/uploads\/2024\/11\/Antonio-Amati-1.png\",\"contentUrl\":\"https:\/\/www.socialfootballsummit.com\/wp-content\/uploads\/2024\/11\/Antonio-Amati-1.png\",\"width\":1200,\"height\":630},{\"@type\":\"BreadcrumbList\",\"@id\":\"https:\/\/www.socialfootballsummit.com\/it\/intervista-con-antonio-amati-direttore-generale-it-per-almaviva\/#breadcrumb\",\"itemListElement\":[{\"@type\":\"ListItem\",\"position\":1,\"name\":\"Home\",\"item\":\"https:\/\/www.socialfootballsummit.com\/it\/\"},{\"@type\":\"ListItem\",\"position\":2,\"name\":\"INTERVISTA CON ANTONIO AMATI, Direttore Generale IT per AlmavivA\"}]},{\"@type\":\"WebSite\",\"@id\":\"https:\/\/www.socialfootballsummit.com\/it\/#website\",\"url\":\"https:\/\/www.socialfootballsummit.com\/it\/\",\"name\":\"SFS\",\"description\":\"\",\"publisher\":{\"@id\":\"https:\/\/www.socialfootballsummit.com\/it\/#organization\"},\"potentialAction\":[{\"@type\":\"SearchAction\",\"target\":{\"@type\":\"EntryPoint\",\"urlTemplate\":\"https:\/\/www.socialfootballsummit.com\/it\/?s={search_term_string}\"},\"query-input\":{\"@type\":\"PropertyValueSpecification\",\"valueRequired\":true,\"valueName\":\"search_term_string\"}}],\"inLanguage\":\"it-IT\"},{\"@type\":\"Organization\",\"@id\":\"https:\/\/www.socialfootballsummit.com\/it\/#organization\",\"name\":\"SFS\",\"url\":\"https:\/\/www.socialfootballsummit.com\/it\/\",\"logo\":{\"@type\":\"ImageObject\",\"inLanguage\":\"it-IT\",\"@id\":\"https:\/\/www.socialfootballsummit.com\/it\/#\/schema\/logo\/image\/\",\"url\":\"https:\/\/www.socialfootballsummit.com\/wp-content\/uploads\/2024\/06\/SFS-logo-696x696-1.jpg\",\"contentUrl\":\"https:\/\/www.socialfootballsummit.com\/wp-content\/uploads\/2024\/06\/SFS-logo-696x696-1.jpg\",\"width\":697,\"height\":696,\"caption\":\"SFS\"},\"image\":{\"@id\":\"https:\/\/www.socialfootballsummit.com\/it\/#\/schema\/logo\/image\/\"},\"sameAs\":[\"https:\/\/www.facebook.com\/sfsummit\",\"https:\/\/www.instagram.com\/social_football_summit\/\",\"https:\/\/www.youtube.com\/@socialfootballsummit\",\"https:\/\/www.linkedin.com\/showcase\/socialfootballsummit\/?originalSubdomain=it\"]},{\"@type\":\"Person\",\"@id\":\"https:\/\/www.socialfootballsummit.com\/it\/#\/schema\/person\/5778867c98c9aaf1d31cc529baa24b88\",\"name\":\"Marco Carlotti\",\"url\":\"https:\/\/www.socialfootballsummit.com\/it\/author\/m-carlotti\/\"}]}<\/script>\n<!-- \/ Yoast SEO plugin. -->","yoast_head_json":{"title":"INTERVISTA CON ANTONIO AMATI, Direttore Generale IT per AlmavivA - SFS","description":"Intervista con Antonio Amati, Direttore Generale IT per AlmavivA, in occasione del SFS24","robots":{"index":"index","follow":"follow","max-snippet":"max-snippet:-1","max-image-preview":"max-image-preview:large","max-video-preview":"max-video-preview:-1"},"canonical":"https:\/\/www.socialfootballsummit.com\/it\/intervista-con-antonio-amati-direttore-generale-it-per-almaviva\/","og_locale":"it_IT","og_type":"article","og_title":"INTERVISTA CON ANTONIO AMATI, Direttore Generale IT per AlmavivA - SFS","og_description":"Intervista con Antonio Amati, Direttore Generale IT per AlmavivA, in occasione del SFS24","og_url":"https:\/\/www.socialfootballsummit.com\/it\/intervista-con-antonio-amati-direttore-generale-it-per-almaviva\/","og_site_name":"SFS","article_publisher":"https:\/\/www.facebook.com\/sfsummit","article_published_time":"2024-11-13T16:09:28+00:00","article_modified_time":"2024-11-13T16:13:55+00:00","og_image":[{"width":1200,"height":630,"url":"https:\/\/www.socialfootballsummit.com\/wp-content\/uploads\/2024\/11\/Antonio-Amati-1.png","type":"image\/png"}],"author":"Marco Carlotti","twitter_card":"summary_large_image","twitter_misc":{"Scritto da":"Marco Carlotti","Tempo di lettura stimato":"5 minuti"},"schema":{"@context":"https:\/\/schema.org","@graph":[{"@type":"Article","@id":"https:\/\/www.socialfootballsummit.com\/it\/intervista-con-antonio-amati-direttore-generale-it-per-almaviva\/#article","isPartOf":{"@id":"https:\/\/www.socialfootballsummit.com\/it\/intervista-con-antonio-amati-direttore-generale-it-per-almaviva\/"},"author":{"name":"Marco Carlotti","@id":"https:\/\/www.socialfootballsummit.com\/it\/#\/schema\/person\/5778867c98c9aaf1d31cc529baa24b88"},"headline":"INTERVISTA CON ANTONIO AMATI, Direttore Generale IT per AlmavivA","datePublished":"2024-11-13T16:09:28+00:00","dateModified":"2024-11-13T16:13:55+00:00","mainEntityOfPage":{"@id":"https:\/\/www.socialfootballsummit.com\/it\/intervista-con-antonio-amati-direttore-generale-it-per-almaviva\/"},"wordCount":980,"publisher":{"@id":"https:\/\/www.socialfootballsummit.com\/it\/#organization"},"image":{"@id":"https:\/\/www.socialfootballsummit.com\/it\/intervista-con-antonio-amati-direttore-generale-it-per-almaviva\/#primaryimage"},"thumbnailUrl":"https:\/\/www.socialfootballsummit.com\/wp-content\/uploads\/2024\/11\/Antonio-Amati-1.png","keywords":["AlmavivA","Antonio Amati"],"articleSection":["Blog","Blog"],"inLanguage":"it-IT"},{"@type":"WebPage","@id":"https:\/\/www.socialfootballsummit.com\/it\/intervista-con-antonio-amati-direttore-generale-it-per-almaviva\/","url":"https:\/\/www.socialfootballsummit.com\/it\/intervista-con-antonio-amati-direttore-generale-it-per-almaviva\/","name":"INTERVISTA CON ANTONIO AMATI, Direttore Generale IT per AlmavivA - SFS","isPartOf":{"@id":"https:\/\/www.socialfootballsummit.com\/it\/#website"},"primaryImageOfPage":{"@id":"https:\/\/www.socialfootballsummit.com\/it\/intervista-con-antonio-amati-direttore-generale-it-per-almaviva\/#primaryimage"},"image":{"@id":"https:\/\/www.socialfootballsummit.com\/it\/intervista-con-antonio-amati-direttore-generale-it-per-almaviva\/#primaryimage"},"thumbnailUrl":"https:\/\/www.socialfootballsummit.com\/wp-content\/uploads\/2024\/11\/Antonio-Amati-1.png","datePublished":"2024-11-13T16:09:28+00:00","dateModified":"2024-11-13T16:13:55+00:00","description":"Intervista con Antonio Amati, Direttore Generale IT per AlmavivA, in occasione del SFS24","breadcrumb":{"@id":"https:\/\/www.socialfootballsummit.com\/it\/intervista-con-antonio-amati-direttore-generale-it-per-almaviva\/#breadcrumb"},"inLanguage":"it-IT","potentialAction":[{"@type":"ReadAction","target":["https:\/\/www.socialfootballsummit.com\/it\/intervista-con-antonio-amati-direttore-generale-it-per-almaviva\/"]}]},{"@type":"ImageObject","inLanguage":"it-IT","@id":"https:\/\/www.socialfootballsummit.com\/it\/intervista-con-antonio-amati-direttore-generale-it-per-almaviva\/#primaryimage","url":"https:\/\/www.socialfootballsummit.com\/wp-content\/uploads\/2024\/11\/Antonio-Amati-1.png","contentUrl":"https:\/\/www.socialfootballsummit.com\/wp-content\/uploads\/2024\/11\/Antonio-Amati-1.png","width":1200,"height":630},{"@type":"BreadcrumbList","@id":"https:\/\/www.socialfootballsummit.com\/it\/intervista-con-antonio-amati-direttore-generale-it-per-almaviva\/#breadcrumb","itemListElement":[{"@type":"ListItem","position":1,"name":"Home","item":"https:\/\/www.socialfootballsummit.com\/it\/"},{"@type":"ListItem","position":2,"name":"INTERVISTA CON ANTONIO AMATI, Direttore Generale IT per AlmavivA"}]},{"@type":"WebSite","@id":"https:\/\/www.socialfootballsummit.com\/it\/#website","url":"https:\/\/www.socialfootballsummit.com\/it\/","name":"SFS","description":"","publisher":{"@id":"https:\/\/www.socialfootballsummit.com\/it\/#organization"},"potentialAction":[{"@type":"SearchAction","target":{"@type":"EntryPoint","urlTemplate":"https:\/\/www.socialfootballsummit.com\/it\/?s={search_term_string}"},"query-input":{"@type":"PropertyValueSpecification","valueRequired":true,"valueName":"search_term_string"}}],"inLanguage":"it-IT"},{"@type":"Organization","@id":"https:\/\/www.socialfootballsummit.com\/it\/#organization","name":"SFS","url":"https:\/\/www.socialfootballsummit.com\/it\/","logo":{"@type":"ImageObject","inLanguage":"it-IT","@id":"https:\/\/www.socialfootballsummit.com\/it\/#\/schema\/logo\/image\/","url":"https:\/\/www.socialfootballsummit.com\/wp-content\/uploads\/2024\/06\/SFS-logo-696x696-1.jpg","contentUrl":"https:\/\/www.socialfootballsummit.com\/wp-content\/uploads\/2024\/06\/SFS-logo-696x696-1.jpg","width":697,"height":696,"caption":"SFS"},"image":{"@id":"https:\/\/www.socialfootballsummit.com\/it\/#\/schema\/logo\/image\/"},"sameAs":["https:\/\/www.facebook.com\/sfsummit","https:\/\/www.instagram.com\/social_football_summit\/","https:\/\/www.youtube.com\/@socialfootballsummit","https:\/\/www.linkedin.com\/showcase\/socialfootballsummit\/?originalSubdomain=it"]},{"@type":"Person","@id":"https:\/\/www.socialfootballsummit.com\/it\/#\/schema\/person\/5778867c98c9aaf1d31cc529baa24b88","name":"Marco Carlotti","url":"https:\/\/www.socialfootballsummit.com\/it\/author\/m-carlotti\/"}]}},"_links":{"self":[{"href":"https:\/\/www.socialfootballsummit.com\/it\/wp-json\/wp\/v2\/posts\/22131","targetHints":{"allow":["GET"]}}],"collection":[{"href":"https:\/\/www.socialfootballsummit.com\/it\/wp-json\/wp\/v2\/posts"}],"about":[{"href":"https:\/\/www.socialfootballsummit.com\/it\/wp-json\/wp\/v2\/types\/post"}],"author":[{"embeddable":true,"href":"https:\/\/www.socialfootballsummit.com\/it\/wp-json\/wp\/v2\/users\/20"}],"replies":[{"embeddable":true,"href":"https:\/\/www.socialfootballsummit.com\/it\/wp-json\/wp\/v2\/comments?post=22131"}],"version-history":[{"count":11,"href":"https:\/\/www.socialfootballsummit.com\/it\/wp-json\/wp\/v2\/posts\/22131\/revisions"}],"predecessor-version":[{"id":22147,"href":"https:\/\/www.socialfootballsummit.com\/it\/wp-json\/wp\/v2\/posts\/22131\/revisions\/22147"}],"wp:featuredmedia":[{"embeddable":true,"href":"https:\/\/www.socialfootballsummit.com\/it\/wp-json\/wp\/v2\/media\/22132"}],"wp:attachment":[{"href":"https:\/\/www.socialfootballsummit.com\/it\/wp-json\/wp\/v2\/media?parent=22131"}],"wp:term":[{"taxonomy":"category","embeddable":true,"href":"https:\/\/www.socialfootballsummit.com\/it\/wp-json\/wp\/v2\/categories?post=22131"},{"taxonomy":"post_tag","embeddable":true,"href":"https:\/\/www.socialfootballsummit.com\/it\/wp-json\/wp\/v2\/tags?post=22131"},{"taxonomy":"author","embeddable":true,"href":"https:\/\/www.socialfootballsummit.com\/it\/wp-json\/wp\/v2\/coauthors?post=22131"}],"curies":[{"name":"wp","href":"https:\/\/api.w.org\/{rel}","templated":true}]}}