{"id":22997,"date":"2024-11-20T08:49:45","date_gmt":"2024-11-20T07:49:45","guid":{"rendered":"https:\/\/www.socialfootballsummit.com\/?p=22997"},"modified":"2024-11-22T15:24:33","modified_gmt":"2024-11-22T14:24:33","slug":"sfs-awards-una-serata-di-premiazioni-in-campidoglio","status":"publish","type":"post","link":"https:\/\/www.socialfootballsummit.com\/it\/sfs-awards-una-serata-di-premiazioni-in-campidoglio\/","title":{"rendered":"SFS Awards, una serata di premiazioni in Campidoglio"},"content":{"rendered":"\n<p>Nella prestigiosa cornice della <em>Protomoteca del Campidoglio<\/em>, si sono tenuti i&nbsp;<strong>SFS Awards 2024<\/strong>, un momento dedicato a celebrare l\u2019eccellenza della Football Industry.<\/p>\n\n\n\n<p>La serata \u00e8 stata presentata ancora una volta da&nbsp;<strong>Giusy Meloni<\/strong>, impreziosita dalla partecipazione dei partner istituzionali di SFS. Si \u00e8 trattato di un\u2019occasione unica per mettere in luce il connubio tra sport, innovazione e impatto sociale. Il suggestivo scenario del Campidoglio ha reso l&#8217;evento ancora pi\u00f9 memorabile, tra la storia capitolina e il calore di una platea entusiasta.<\/p>\n\n\n\n<p><strong>Tra i premi pi\u00f9 sentiti degli SFS Awards, quello in memoria di&nbsp;Emanuela Perinetti: una grande<\/strong> <strong>professionista e amica del Summit<\/strong>, MassimoTucci &#8211; Director SFS &#8211; \u201c<em>Emanuela \u00e8 il Social Football Summit. Il progetto in questi anni \u00e8 cresciuto con Lei e anche grazie a Lei. Le qualit\u00e0 umane, relazionali e professionali di Emanuela sono custodite in ciascuno di noi e si riflettono nel mare di affetto che per sempre accompagner\u00e0 il suo nome ed il suo ricordo. La sua visione e le continue intuizioni messe sempre generosamente a disposizione degli altri restano un patrimonio per tutti noi. Il Female Leadership in Football Award Emanuela Perinetti ha un valore speciale e anche attraverso di esso proviamo a proseguire l\u2019impegno e l\u2019immensa passione che Emanuela metteva in amicizia come nel lavoro\u201d<\/em>.<\/p>\n\n\n\n<p><\/p>\n\n\n<div class=\"wp-block-image\">\n<figure class=\"aligncenter size-large\"><img loading=\"lazy\" decoding=\"async\" width=\"1024\" height=\"682\" src=\"https:\/\/www.socialfootballsummit.com\/wp-content\/uploads\/2024\/11\/PHOTO-2024-11-21-12-16-34-1024x682.jpg\" alt=\"\" class=\"wp-image-23183\" srcset=\"https:\/\/www.socialfootballsummit.com\/wp-content\/uploads\/2024\/11\/PHOTO-2024-11-21-12-16-34-1024x682.jpg 1024w, https:\/\/www.socialfootballsummit.com\/wp-content\/uploads\/2024\/11\/PHOTO-2024-11-21-12-16-34-300x200.jpg 300w, https:\/\/www.socialfootballsummit.com\/wp-content\/uploads\/2024\/11\/PHOTO-2024-11-21-12-16-34-768x512.jpg 768w, https:\/\/www.socialfootballsummit.com\/wp-content\/uploads\/2024\/11\/PHOTO-2024-11-21-12-16-34-1536x1023.jpg 1536w, https:\/\/www.socialfootballsummit.com\/wp-content\/uploads\/2024\/11\/PHOTO-2024-11-21-12-16-34.jpg 1600w\" sizes=\"auto, (max-width: 1024px) 100vw, 1024px\" \/><\/figure>\n<\/div>\n\n\n<p><\/p>\n\n\n\n<p>Ad aggiudicarsi il premio della startup competition <strong>SFS ExtraTime Almaviva<\/strong>&nbsp;\u00e8 stata <em>\u201c<\/em><strong><em>Pick Eat<\/em><\/strong><em>\u201d che come in un tabellone tennistico \u00e8 arrivata fino alla fase finale dopo 3 pitch insieme alla startup ceca Trucrowd. <\/em>Ecco l\u2019elenco completo dei premiati dell\u2019edizione 2024:<\/p>\n\n\n\n<p>1- Campaign of the Year by Hart Special Risks al<strong> Palermo Football Club<\/strong><\/p>\n\n\n\n<p>2- Top Manager of the Year by Fortune Italia&nbsp;<strong>Luca Percassi<\/strong><\/p>\n\n\n\n<p>3- Best Marketing and Sponsor Activation by Infront a<strong>&nbsp;ICE &#8211; Italian Trade Agency<\/strong><\/p>\n\n\n\n<p>4- Best Digital and Social Media Team Club by Football Care Silvestrini a<strong>&nbsp;Atletico de Madrid<\/strong><\/p>\n\n\n\n<p>5- Leader in Social Responsibility and Impact by BYD a<strong>&nbsp;Sofie Junge Pedersen<\/strong><\/p>\n\n\n\n<p>6- Football Tech Award a<strong> Sela<\/strong><\/p>\n\n\n\n<p>7- SFS Extratime Award by Almaviva a<strong> Pick Eat<\/strong><\/p>\n\n\n\n<p>8- Best Format and Football Community by Roma Capitale a<strong>&nbsp;Kings League<\/strong><\/p>\n\n\n\n<p>9- Best Content Creator by Adobe&nbsp;a<strong>&nbsp;Juventus Creator Lab<\/strong><\/p>\n\n\n\n<p>10- Best Football Tech Entertainment Solution by Mosaico Studio a<strong> DFL<\/strong><\/p>\n\n\n\n<p>11- Media\/Broadcaster of the Year By Regione Lazio a<strong> Sky Sport<\/strong><\/p>\n\n\n\n<p>12- YouGov Football Index Award a<strong>&nbsp;Genoa CFC<\/strong><\/p>\n\n\n\n<p>13- Female Leadership in Football Award (in memoria di Emanuela Perinetti) by Go Project a<strong>&nbsp;Clara Simonini<\/strong><\/p>\n","protected":false},"excerpt":{"rendered":"<p>Nella prestigiosa cornice della Protomoteca del Campidoglio, si sono tenuti i&nbsp;SFS Awards 2024, un momento dedicato a celebrare l\u2019eccellenza della Football Industry. La serata \u00e8 stata presentata ancora una volta da&nbsp;Giusy Meloni, impreziosita dalla partecipazione dei partner istituzionali di SFS. Si \u00e8 trattato di un\u2019occasione unica per mettere in luce il connubio tra sport, innovazione e impatto sociale. Il suggestivo scenario del Campidoglio ha reso l&#8217;evento ancora pi\u00f9 memorabile, tra la storia capitolina e il calore di una platea entusiasta. [&hellip;]<\/p>\n","protected":false},"author":20,"featured_media":23006,"comment_status":"closed","ping_status":"closed","sticky":false,"template":"","format":"standard","meta":{"_acf_changed":false,"inline_featured_image":false,"footnotes":""},"categories":[152,163],"tags":[365,366,193],"coauthors":[],"class_list":["post-22997","post","type-post","status-publish","format-standard","has-post-thumbnail","hentry","category-blog","category-blog-2","tag-campidoglio","tag-giusy-meloni","tag-sfs-awards-2024"],"acf":[],"yoast_head":"<!-- This site is optimized with the Yoast SEO plugin v24.4 - https:\/\/yoast.com\/wordpress\/plugins\/seo\/ -->\n<title>SFS Awards, una serata di premiazioni in Campidoglio - SFS<\/title>\n<meta name=\"description\" content=\"Premiazioni al Campidoglio per gli SFS Awards\" \/>\n<meta name=\"robots\" content=\"index, follow, max-snippet:-1, max-image-preview:large, max-video-preview:-1\" \/>\n<link rel=\"canonical\" href=\"https:\/\/www.socialfootballsummit.com\/it\/sfs-awards-una-serata-di-premiazioni-in-campidoglio\/\" \/>\n<meta property=\"og:locale\" content=\"it_IT\" \/>\n<meta property=\"og:type\" content=\"article\" \/>\n<meta property=\"og:title\" content=\"SFS Awards, una serata di premiazioni in Campidoglio - SFS\" \/>\n<meta property=\"og:description\" content=\"Premiazioni al Campidoglio per gli SFS Awards\" \/>\n<meta property=\"og:url\" content=\"https:\/\/www.socialfootballsummit.com\/it\/sfs-awards-una-serata-di-premiazioni-in-campidoglio\/\" \/>\n<meta property=\"og:site_name\" content=\"SFS\" \/>\n<meta property=\"article:publisher\" content=\"https:\/\/www.facebook.com\/sfsummit\" \/>\n<meta property=\"article:published_time\" content=\"2024-11-20T07:49:45+00:00\" \/>\n<meta property=\"article:modified_time\" content=\"2024-11-22T14:24:33+00:00\" \/>\n<meta property=\"og:image\" content=\"https:\/\/www.socialfootballsummit.com\/wp-content\/uploads\/2024\/11\/COPERTINA-3.png\" \/>\n\t<meta property=\"og:image:width\" content=\"1200\" \/>\n\t<meta property=\"og:image:height\" content=\"630\" \/>\n\t<meta property=\"og:image:type\" content=\"image\/png\" \/>\n<meta name=\"author\" content=\"Marco Carlotti\" \/>\n<meta name=\"twitter:card\" content=\"summary_large_image\" \/>\n<meta name=\"twitter:label1\" content=\"Scritto da\" \/>\n\t<meta name=\"twitter:data1\" content=\"Marco Carlotti\" \/>\n\t<meta name=\"twitter:label2\" content=\"Tempo di lettura stimato\" \/>\n\t<meta name=\"twitter:data2\" content=\"3 minuti\" \/>\n<script type=\"application\/ld+json\" class=\"yoast-schema-graph\">{\"@context\":\"https:\/\/schema.org\",\"@graph\":[{\"@type\":\"Article\",\"@id\":\"https:\/\/www.socialfootballsummit.com\/it\/sfs-awards-una-serata-di-premiazioni-in-campidoglio\/#article\",\"isPartOf\":{\"@id\":\"https:\/\/www.socialfootballsummit.com\/it\/sfs-awards-una-serata-di-premiazioni-in-campidoglio\/\"},\"author\":{\"name\":\"Marco Carlotti\",\"@id\":\"https:\/\/www.socialfootballsummit.com\/it\/#\/schema\/person\/5778867c98c9aaf1d31cc529baa24b88\"},\"headline\":\"SFS Awards, una serata di premiazioni in Campidoglio\",\"datePublished\":\"2024-11-20T07:49:45+00:00\",\"dateModified\":\"2024-11-22T14:24:33+00:00\",\"mainEntityOfPage\":{\"@id\":\"https:\/\/www.socialfootballsummit.com\/it\/sfs-awards-una-serata-di-premiazioni-in-campidoglio\/\"},\"wordCount\":423,\"publisher\":{\"@id\":\"https:\/\/www.socialfootballsummit.com\/it\/#organization\"},\"image\":{\"@id\":\"https:\/\/www.socialfootballsummit.com\/it\/sfs-awards-una-serata-di-premiazioni-in-campidoglio\/#primaryimage\"},\"thumbnailUrl\":\"https:\/\/www.socialfootballsummit.com\/wp-content\/uploads\/2024\/11\/COPERTINA-3.png\",\"keywords\":[\"Campidoglio\",\"Giusy Meloni\",\"SFS Awards 2024\"],\"articleSection\":[\"Blog\",\"Blog\"],\"inLanguage\":\"it-IT\"},{\"@type\":\"WebPage\",\"@id\":\"https:\/\/www.socialfootballsummit.com\/it\/sfs-awards-una-serata-di-premiazioni-in-campidoglio\/\",\"url\":\"https:\/\/www.socialfootballsummit.com\/it\/sfs-awards-una-serata-di-premiazioni-in-campidoglio\/\",\"name\":\"SFS Awards, una serata di premiazioni in Campidoglio - SFS\",\"isPartOf\":{\"@id\":\"https:\/\/www.socialfootballsummit.com\/it\/#website\"},\"primaryImageOfPage\":{\"@id\":\"https:\/\/www.socialfootballsummit.com\/it\/sfs-awards-una-serata-di-premiazioni-in-campidoglio\/#primaryimage\"},\"image\":{\"@id\":\"https:\/\/www.socialfootballsummit.com\/it\/sfs-awards-una-serata-di-premiazioni-in-campidoglio\/#primaryimage\"},\"thumbnailUrl\":\"https:\/\/www.socialfootballsummit.com\/wp-content\/uploads\/2024\/11\/COPERTINA-3.png\",\"datePublished\":\"2024-11-20T07:49:45+00:00\",\"dateModified\":\"2024-11-22T14:24:33+00:00\",\"description\":\"Premiazioni al Campidoglio per gli SFS Awards\",\"breadcrumb\":{\"@id\":\"https:\/\/www.socialfootballsummit.com\/it\/sfs-awards-una-serata-di-premiazioni-in-campidoglio\/#breadcrumb\"},\"inLanguage\":\"it-IT\",\"potentialAction\":[{\"@type\":\"ReadAction\",\"target\":[\"https:\/\/www.socialfootballsummit.com\/it\/sfs-awards-una-serata-di-premiazioni-in-campidoglio\/\"]}]},{\"@type\":\"ImageObject\",\"inLanguage\":\"it-IT\",\"@id\":\"https:\/\/www.socialfootballsummit.com\/it\/sfs-awards-una-serata-di-premiazioni-in-campidoglio\/#primaryimage\",\"url\":\"https:\/\/www.socialfootballsummit.com\/wp-content\/uploads\/2024\/11\/COPERTINA-3.png\",\"contentUrl\":\"https:\/\/www.socialfootballsummit.com\/wp-content\/uploads\/2024\/11\/COPERTINA-3.png\",\"width\":1200,\"height\":630},{\"@type\":\"BreadcrumbList\",\"@id\":\"https:\/\/www.socialfootballsummit.com\/it\/sfs-awards-una-serata-di-premiazioni-in-campidoglio\/#breadcrumb\",\"itemListElement\":[{\"@type\":\"ListItem\",\"position\":1,\"name\":\"Home\",\"item\":\"https:\/\/www.socialfootballsummit.com\/it\/\"},{\"@type\":\"ListItem\",\"position\":2,\"name\":\"SFS Awards, una serata di premiazioni in Campidoglio\"}]},{\"@type\":\"WebSite\",\"@id\":\"https:\/\/www.socialfootballsummit.com\/it\/#website\",\"url\":\"https:\/\/www.socialfootballsummit.com\/it\/\",\"name\":\"SFS\",\"description\":\"\",\"publisher\":{\"@id\":\"https:\/\/www.socialfootballsummit.com\/it\/#organization\"},\"potentialAction\":[{\"@type\":\"SearchAction\",\"target\":{\"@type\":\"EntryPoint\",\"urlTemplate\":\"https:\/\/www.socialfootballsummit.com\/it\/?s={search_term_string}\"},\"query-input\":{\"@type\":\"PropertyValueSpecification\",\"valueRequired\":true,\"valueName\":\"search_term_string\"}}],\"inLanguage\":\"it-IT\"},{\"@type\":\"Organization\",\"@id\":\"https:\/\/www.socialfootballsummit.com\/it\/#organization\",\"name\":\"SFS\",\"url\":\"https:\/\/www.socialfootballsummit.com\/it\/\",\"logo\":{\"@type\":\"ImageObject\",\"inLanguage\":\"it-IT\",\"@id\":\"https:\/\/www.socialfootballsummit.com\/it\/#\/schema\/logo\/image\/\",\"url\":\"https:\/\/www.socialfootballsummit.com\/wp-content\/uploads\/2024\/06\/SFS-logo-696x696-1.jpg\",\"contentUrl\":\"https:\/\/www.socialfootballsummit.com\/wp-content\/uploads\/2024\/06\/SFS-logo-696x696-1.jpg\",\"width\":697,\"height\":696,\"caption\":\"SFS\"},\"image\":{\"@id\":\"https:\/\/www.socialfootballsummit.com\/it\/#\/schema\/logo\/image\/\"},\"sameAs\":[\"https:\/\/www.facebook.com\/sfsummit\",\"https:\/\/www.instagram.com\/social_football_summit\/\",\"https:\/\/www.youtube.com\/@socialfootballsummit\",\"https:\/\/www.linkedin.com\/showcase\/socialfootballsummit\/?originalSubdomain=it\"]},{\"@type\":\"Person\",\"@id\":\"https:\/\/www.socialfootballsummit.com\/it\/#\/schema\/person\/5778867c98c9aaf1d31cc529baa24b88\",\"name\":\"Marco Carlotti\",\"url\":\"https:\/\/www.socialfootballsummit.com\/it\/author\/m-carlotti\/\"}]}<\/script>\n<!-- \/ Yoast SEO plugin. -->","yoast_head_json":{"title":"SFS Awards, una serata di premiazioni in Campidoglio - SFS","description":"Premiazioni al Campidoglio per gli SFS Awards","robots":{"index":"index","follow":"follow","max-snippet":"max-snippet:-1","max-image-preview":"max-image-preview:large","max-video-preview":"max-video-preview:-1"},"canonical":"https:\/\/www.socialfootballsummit.com\/it\/sfs-awards-una-serata-di-premiazioni-in-campidoglio\/","og_locale":"it_IT","og_type":"article","og_title":"SFS Awards, una serata di premiazioni in Campidoglio - SFS","og_description":"Premiazioni al Campidoglio per gli SFS Awards","og_url":"https:\/\/www.socialfootballsummit.com\/it\/sfs-awards-una-serata-di-premiazioni-in-campidoglio\/","og_site_name":"SFS","article_publisher":"https:\/\/www.facebook.com\/sfsummit","article_published_time":"2024-11-20T07:49:45+00:00","article_modified_time":"2024-11-22T14:24:33+00:00","og_image":[{"width":1200,"height":630,"url":"https:\/\/www.socialfootballsummit.com\/wp-content\/uploads\/2024\/11\/COPERTINA-3.png","type":"image\/png"}],"author":"Marco Carlotti","twitter_card":"summary_large_image","twitter_misc":{"Scritto da":"Marco Carlotti","Tempo di lettura stimato":"3 minuti"},"schema":{"@context":"https:\/\/schema.org","@graph":[{"@type":"Article","@id":"https:\/\/www.socialfootballsummit.com\/it\/sfs-awards-una-serata-di-premiazioni-in-campidoglio\/#article","isPartOf":{"@id":"https:\/\/www.socialfootballsummit.com\/it\/sfs-awards-una-serata-di-premiazioni-in-campidoglio\/"},"author":{"name":"Marco Carlotti","@id":"https:\/\/www.socialfootballsummit.com\/it\/#\/schema\/person\/5778867c98c9aaf1d31cc529baa24b88"},"headline":"SFS Awards, una serata di premiazioni in Campidoglio","datePublished":"2024-11-20T07:49:45+00:00","dateModified":"2024-11-22T14:24:33+00:00","mainEntityOfPage":{"@id":"https:\/\/www.socialfootballsummit.com\/it\/sfs-awards-una-serata-di-premiazioni-in-campidoglio\/"},"wordCount":423,"publisher":{"@id":"https:\/\/www.socialfootballsummit.com\/it\/#organization"},"image":{"@id":"https:\/\/www.socialfootballsummit.com\/it\/sfs-awards-una-serata-di-premiazioni-in-campidoglio\/#primaryimage"},"thumbnailUrl":"https:\/\/www.socialfootballsummit.com\/wp-content\/uploads\/2024\/11\/COPERTINA-3.png","keywords":["Campidoglio","Giusy Meloni","SFS Awards 2024"],"articleSection":["Blog","Blog"],"inLanguage":"it-IT"},{"@type":"WebPage","@id":"https:\/\/www.socialfootballsummit.com\/it\/sfs-awards-una-serata-di-premiazioni-in-campidoglio\/","url":"https:\/\/www.socialfootballsummit.com\/it\/sfs-awards-una-serata-di-premiazioni-in-campidoglio\/","name":"SFS Awards, una serata di premiazioni in Campidoglio - SFS","isPartOf":{"@id":"https:\/\/www.socialfootballsummit.com\/it\/#website"},"primaryImageOfPage":{"@id":"https:\/\/www.socialfootballsummit.com\/it\/sfs-awards-una-serata-di-premiazioni-in-campidoglio\/#primaryimage"},"image":{"@id":"https:\/\/www.socialfootballsummit.com\/it\/sfs-awards-una-serata-di-premiazioni-in-campidoglio\/#primaryimage"},"thumbnailUrl":"https:\/\/www.socialfootballsummit.com\/wp-content\/uploads\/2024\/11\/COPERTINA-3.png","datePublished":"2024-11-20T07:49:45+00:00","dateModified":"2024-11-22T14:24:33+00:00","description":"Premiazioni al Campidoglio per gli SFS Awards","breadcrumb":{"@id":"https:\/\/www.socialfootballsummit.com\/it\/sfs-awards-una-serata-di-premiazioni-in-campidoglio\/#breadcrumb"},"inLanguage":"it-IT","potentialAction":[{"@type":"ReadAction","target":["https:\/\/www.socialfootballsummit.com\/it\/sfs-awards-una-serata-di-premiazioni-in-campidoglio\/"]}]},{"@type":"ImageObject","inLanguage":"it-IT","@id":"https:\/\/www.socialfootballsummit.com\/it\/sfs-awards-una-serata-di-premiazioni-in-campidoglio\/#primaryimage","url":"https:\/\/www.socialfootballsummit.com\/wp-content\/uploads\/2024\/11\/COPERTINA-3.png","contentUrl":"https:\/\/www.socialfootballsummit.com\/wp-content\/uploads\/2024\/11\/COPERTINA-3.png","width":1200,"height":630},{"@type":"BreadcrumbList","@id":"https:\/\/www.socialfootballsummit.com\/it\/sfs-awards-una-serata-di-premiazioni-in-campidoglio\/#breadcrumb","itemListElement":[{"@type":"ListItem","position":1,"name":"Home","item":"https:\/\/www.socialfootballsummit.com\/it\/"},{"@type":"ListItem","position":2,"name":"SFS Awards, una serata di premiazioni in Campidoglio"}]},{"@type":"WebSite","@id":"https:\/\/www.socialfootballsummit.com\/it\/#website","url":"https:\/\/www.socialfootballsummit.com\/it\/","name":"SFS","description":"","publisher":{"@id":"https:\/\/www.socialfootballsummit.com\/it\/#organization"},"potentialAction":[{"@type":"SearchAction","target":{"@type":"EntryPoint","urlTemplate":"https:\/\/www.socialfootballsummit.com\/it\/?s={search_term_string}"},"query-input":{"@type":"PropertyValueSpecification","valueRequired":true,"valueName":"search_term_string"}}],"inLanguage":"it-IT"},{"@type":"Organization","@id":"https:\/\/www.socialfootballsummit.com\/it\/#organization","name":"SFS","url":"https:\/\/www.socialfootballsummit.com\/it\/","logo":{"@type":"ImageObject","inLanguage":"it-IT","@id":"https:\/\/www.socialfootballsummit.com\/it\/#\/schema\/logo\/image\/","url":"https:\/\/www.socialfootballsummit.com\/wp-content\/uploads\/2024\/06\/SFS-logo-696x696-1.jpg","contentUrl":"https:\/\/www.socialfootballsummit.com\/wp-content\/uploads\/2024\/06\/SFS-logo-696x696-1.jpg","width":697,"height":696,"caption":"SFS"},"image":{"@id":"https:\/\/www.socialfootballsummit.com\/it\/#\/schema\/logo\/image\/"},"sameAs":["https:\/\/www.facebook.com\/sfsummit","https:\/\/www.instagram.com\/social_football_summit\/","https:\/\/www.youtube.com\/@socialfootballsummit","https:\/\/www.linkedin.com\/showcase\/socialfootballsummit\/?originalSubdomain=it"]},{"@type":"Person","@id":"https:\/\/www.socialfootballsummit.com\/it\/#\/schema\/person\/5778867c98c9aaf1d31cc529baa24b88","name":"Marco Carlotti","url":"https:\/\/www.socialfootballsummit.com\/it\/author\/m-carlotti\/"}]}},"_links":{"self":[{"href":"https:\/\/www.socialfootballsummit.com\/it\/wp-json\/wp\/v2\/posts\/22997","targetHints":{"allow":["GET"]}}],"collection":[{"href":"https:\/\/www.socialfootballsummit.com\/it\/wp-json\/wp\/v2\/posts"}],"about":[{"href":"https:\/\/www.socialfootballsummit.com\/it\/wp-json\/wp\/v2\/types\/post"}],"author":[{"embeddable":true,"href":"https:\/\/www.socialfootballsummit.com\/it\/wp-json\/wp\/v2\/users\/20"}],"replies":[{"embeddable":true,"href":"https:\/\/www.socialfootballsummit.com\/it\/wp-json\/wp\/v2\/comments?post=22997"}],"version-history":[{"count":11,"href":"https:\/\/www.socialfootballsummit.com\/it\/wp-json\/wp\/v2\/posts\/22997\/revisions"}],"predecessor-version":[{"id":23319,"href":"https:\/\/www.socialfootballsummit.com\/it\/wp-json\/wp\/v2\/posts\/22997\/revisions\/23319"}],"wp:featuredmedia":[{"embeddable":true,"href":"https:\/\/www.socialfootballsummit.com\/it\/wp-json\/wp\/v2\/media\/23006"}],"wp:attachment":[{"href":"https:\/\/www.socialfootballsummit.com\/it\/wp-json\/wp\/v2\/media?parent=22997"}],"wp:term":[{"taxonomy":"category","embeddable":true,"href":"https:\/\/www.socialfootballsummit.com\/it\/wp-json\/wp\/v2\/categories?post=22997"},{"taxonomy":"post_tag","embeddable":true,"href":"https:\/\/www.socialfootballsummit.com\/it\/wp-json\/wp\/v2\/tags?post=22997"},{"taxonomy":"author","embeddable":true,"href":"https:\/\/www.socialfootballsummit.com\/it\/wp-json\/wp\/v2\/coauthors?post=22997"}],"curies":[{"name":"wp","href":"https:\/\/api.w.org\/{rel}","templated":true}]}}