{"id":23565,"date":"2024-12-09T12:34:39","date_gmt":"2024-12-09T11:34:39","guid":{"rendered":"https:\/\/www.socialfootballsummit.com\/?p=23565"},"modified":"2024-12-09T12:56:22","modified_gmt":"2024-12-09T11:56:22","slug":"con-il-palermo-siamo-a-meta-del-nostro-percorso-ha-detto-giovanni-gardini-al-sfs","status":"publish","type":"post","link":"https:\/\/www.socialfootballsummit.com\/it\/con-il-palermo-siamo-a-meta-del-nostro-percorso-ha-detto-giovanni-gardini-al-sfs\/","title":{"rendered":"&#8220;Con il Palermo siamo a met\u00e0 del nostro percorso&#8221;, ha detto Giovanni Gardini al SFS"},"content":{"rendered":"\n<p>Nel 2019 il<strong> Palermo F.C.<\/strong> retrocedeva in serie C attraversando una delle fasi pi\u00f9 cupe della propria storia; oggi invece milita in serie B ed \u00e8 tra le realt\u00e0 pi\u00f9 interessanti del panorama italiano ed europeo. Non solo sportivamente, ma anche da un punto di vista comunicativo e manageriale.<\/p>\n\n\n\n<p>Di questo, e di molto altro, si \u00e8 parlato al<strong> SFS, il 19 e 20 novembre presso lo stadio Olimpico di Roma<\/strong>. In Football Stage, il giornalista di Sky Sport <strong>Luca Marchetti<\/strong> ha intervistato<strong> Giovanni Gardini<\/strong>, AD e Direttore Generale dei rosaneri. Una chiacchierata, davanti a una folta platea, che ha voluto esplorare alcuni concetti fondamentali e strategici.<\/p>\n\n\n\n<p>Innanzitutto la visione lungimirante degli azionisti principali, che hanno una visione a lungo termine e che lavorano quotidianamente per portare avanti la propria idea di calcio industriale. Un progetto che avanza di pari passo su due binari complementari: quello sportivo &#8211; di cui lo stesso Gardini ammette di essere \u201c<em>un po\u2019indietro rispetto a quanto ci si aspettava<\/em>\u201d &#8211; e quello di business &#8211; \u201c<em>immediatamente dietro le big 5 italiane per quanto concerne il lato organizzativo e gestionale<\/em>\u201d -.&nbsp;<\/p>\n\n\n\n<p>Ma anche il valore aggiunto che la societ\u00e0 ha contribuito ad apportare in termini infrastrutturali, a partire dallo spazio museale, il centro sportivo e il nuovo stadio. Un ventaglio di opportunit\u00e0 dovute anche ai terreni acquistati a suo tempo dall\u2019ex proprietario Dario Mirri, e che in soli quattordici mesi hanno visto nascere due campi da calcio per la prima squadra, una club house e un nutrito corpo spogliatoi.&nbsp;<\/p>\n\n\n\n<p>\u201c<em>Lo stadio<\/em>, ha detto Gardini,<em> \u00e8 un asset su cui puntiamo tantissimo, e abbiamo gi\u00e0 portato avanti le trattative per acquistare una seconda fetta di terreno per iniziare la nuova costruzione. Il dialogo con la Pubblica Amministrazione \u00e8 orientato a scelte idonee e coerenti con le esigenze del calcio contemporaneo<\/em>\u201d. Un investimento non di poco conto e con interessi trasversali, se si considera anche che Palermo potrebbe essere una delle sedi papabili per ospitare il Campionato Europeo di calcio 2032.&nbsp;<\/p>\n\n\n\n<figure class=\"wp-block-embed is-type-video is-provider-youtube wp-block-embed-youtube wp-embed-aspect-16-9 wp-has-aspect-ratio\"><div class=\"wp-block-embed__wrapper\">\n<iframe loading=\"lazy\" title=\"SFS 24 interview - Luca Marchetti interviews Giovanni Gardini\" width=\"1100\" height=\"619\" src=\"https:\/\/www.youtube.com\/embed\/CyuRMnwClOA?feature=oembed\" frameborder=\"0\" allow=\"accelerometer; autoplay; clipboard-write; encrypted-media; gyroscope; picture-in-picture; web-share\" referrerpolicy=\"strict-origin-when-cross-origin\" allowfullscreen><\/iframe>\n<\/div><\/figure>\n\n\n\n<p>Gardini inoltre ha sottolineato la potenza &#8211; non solo commerciale &#8211; del capoluogo siculo. Numeri da record se confrontati con molte piazze di serie B e serie A:&nbsp;<strong> 13 mila e 600 abbonati, una media di 24 mila spettatori, diverse unit\u00e0 del tifo organizzato presenti anche in trasferta<\/strong>. Ma non solo, dato i tanti tifosi stranieri, che approfittano dell\u2019occasione turistica per fare un tour del Renzo Barbera.<\/p>\n\n\n\n<p>\u201c<em>Il City Football Group ritiene che il calcio italiano abbia molte potenzialit\u00e0, ma una scarsa visione strategica. Oggi siamo soltanto a met\u00e0 del nostro percorso<\/em>\u201d ha dichiarato l\u2019AD rosanero rispondendo a una delle domande postegli da Luca Marchetti.&nbsp;<\/p>\n\n\n\n<p>La notizia dell&#8217;acquisizione del club da parte dell\u2019azienda emiratina aveva spinto molti a considerare il Palermo F.C. come una \u201csuccursale\u201d decisionale; un\u2019idea errata &#8211; del resto &#8211; partendo dal presupposto che la dipendenza economica non limita la condivisione di idee e know-how in tutti i campi di interesse: sportivo, commerciale e sanitario. Fare parte di questa galassia, insomma, significa crescere professionalmente e umanamente, sempre tenendo a mente che il principale driver resta il risultato sportivo. Come?<strong> Riducendo la percentuale di commettere errori, mettendo in campo competenza e sfruttando il fatto di essere una giovane realt\u00e0.<\/strong> Processi decisionali condivisi &#8211; dunque &#8211; e mai imposti, al fine di diventare nel breve-medio periodo tra le dieci squadre pi\u00f9 importanti dello Stivale.<\/p>\n\n\n\n<p>Per concludere, Gardini ha restituito il quadro di una societ\u00e0 seria, conscia del proprio operato. Obiettivi economici e sportivi decisi a inizio stagione, dialogo costante con le realt\u00e0 locali. S\u00ec, perch\u00e9 mantenere un forte tratto identitario \u00e8 ci\u00f2 che contraddistingue il City Football Group, che <strong>non vuole colonizzare bens\u00ec demandare il management a figure che possano investire nella squadra portandola a migliorare<\/strong>.<\/p>\n","protected":false},"excerpt":{"rendered":"<p>Nel 2019 il Palermo F.C. retrocedeva in serie C attraversando una delle fasi pi\u00f9 cupe della propria storia; oggi invece milita in serie B ed \u00e8 tra le realt\u00e0 pi\u00f9 interessanti del panorama italiano ed europeo. Non solo sportivamente, ma anche da un punto di vista comunicativo e manageriale. Di questo, e di molto altro, si \u00e8 parlato al SFS, il 19 e 20 novembre presso lo stadio Olimpico di Roma. In Football Stage, il giornalista di Sky Sport Luca [&hellip;]<\/p>\n","protected":false},"author":20,"featured_media":23568,"comment_status":"closed","ping_status":"closed","sticky":false,"template":"","format":"standard","meta":{"_acf_changed":false,"inline_featured_image":false,"footnotes":""},"categories":[152,163],"tags":[263,402,273],"coauthors":[],"class_list":["post-23565","post","type-post","status-publish","format-standard","has-post-thumbnail","hentry","category-blog","category-blog-2","tag-calcio-3","tag-palermo","tag-sfs-2"],"acf":[],"yoast_head":"<!-- This site is optimized with the Yoast SEO plugin v24.4 - https:\/\/yoast.com\/wordpress\/plugins\/seo\/ -->\n<title>&quot;Con il Palermo siamo a met\u00e0 del nostro percorso&quot;, ha detto Giovanni Gardini al SFS - SFS<\/title>\n<meta name=\"description\" content=\"L&#039;AD rosanero Giovanni Gardini \u00e8 stato intervistato al SFS da Luca Marchetti. Ha parlato dei risultati sportivi, e manageriali, conseguiti in questi due anni dalla societ\u00e0 sicula\" \/>\n<meta name=\"robots\" content=\"index, follow, max-snippet:-1, max-image-preview:large, max-video-preview:-1\" \/>\n<link rel=\"canonical\" href=\"https:\/\/www.socialfootballsummit.com\/it\/con-il-palermo-siamo-a-meta-del-nostro-percorso-ha-detto-giovanni-gardini-al-sfs\/\" \/>\n<meta property=\"og:locale\" content=\"it_IT\" \/>\n<meta property=\"og:type\" content=\"article\" \/>\n<meta property=\"og:title\" content=\"&quot;Con il Palermo siamo a met\u00e0 del nostro percorso&quot;, ha detto Giovanni Gardini al SFS - SFS\" \/>\n<meta property=\"og:description\" content=\"L&#039;AD rosanero Giovanni Gardini \u00e8 stato intervistato al SFS da Luca Marchetti. Ha parlato dei risultati sportivi, e manageriali, conseguiti in questi due anni dalla societ\u00e0 sicula\" \/>\n<meta property=\"og:url\" content=\"https:\/\/www.socialfootballsummit.com\/it\/con-il-palermo-siamo-a-meta-del-nostro-percorso-ha-detto-giovanni-gardini-al-sfs\/\" \/>\n<meta property=\"og:site_name\" content=\"SFS\" \/>\n<meta property=\"article:publisher\" content=\"https:\/\/www.facebook.com\/sfsummit\" \/>\n<meta property=\"article:published_time\" content=\"2024-12-09T11:34:39+00:00\" \/>\n<meta property=\"article:modified_time\" content=\"2024-12-09T11:56:22+00:00\" \/>\n<meta property=\"og:image\" content=\"https:\/\/www.socialfootballsummit.com\/wp-content\/uploads\/2024\/12\/Progetto-senza-titolo-2-2.png\" \/>\n\t<meta property=\"og:image:width\" content=\"1200\" \/>\n\t<meta property=\"og:image:height\" content=\"630\" \/>\n\t<meta property=\"og:image:type\" content=\"image\/png\" \/>\n<meta name=\"author\" content=\"Marco Carlotti\" \/>\n<meta name=\"twitter:card\" content=\"summary_large_image\" \/>\n<meta name=\"twitter:label1\" content=\"Scritto da\" \/>\n\t<meta name=\"twitter:data1\" content=\"Marco Carlotti\" \/>\n\t<meta name=\"twitter:label2\" content=\"Tempo di lettura stimato\" \/>\n\t<meta name=\"twitter:data2\" content=\"3 minuti\" \/>\n<script type=\"application\/ld+json\" class=\"yoast-schema-graph\">{\"@context\":\"https:\/\/schema.org\",\"@graph\":[{\"@type\":\"Article\",\"@id\":\"https:\/\/www.socialfootballsummit.com\/it\/con-il-palermo-siamo-a-meta-del-nostro-percorso-ha-detto-giovanni-gardini-al-sfs\/#article\",\"isPartOf\":{\"@id\":\"https:\/\/www.socialfootballsummit.com\/it\/con-il-palermo-siamo-a-meta-del-nostro-percorso-ha-detto-giovanni-gardini-al-sfs\/\"},\"author\":{\"name\":\"Marco Carlotti\",\"@id\":\"https:\/\/www.socialfootballsummit.com\/it\/#\/schema\/person\/5778867c98c9aaf1d31cc529baa24b88\"},\"headline\":\"&#8220;Con il Palermo siamo a met\u00e0 del nostro percorso&#8221;, ha detto Giovanni Gardini al SFS\",\"datePublished\":\"2024-12-09T11:34:39+00:00\",\"dateModified\":\"2024-12-09T11:56:22+00:00\",\"mainEntityOfPage\":{\"@id\":\"https:\/\/www.socialfootballsummit.com\/it\/con-il-palermo-siamo-a-meta-del-nostro-percorso-ha-detto-giovanni-gardini-al-sfs\/\"},\"wordCount\":641,\"publisher\":{\"@id\":\"https:\/\/www.socialfootballsummit.com\/it\/#organization\"},\"image\":{\"@id\":\"https:\/\/www.socialfootballsummit.com\/it\/con-il-palermo-siamo-a-meta-del-nostro-percorso-ha-detto-giovanni-gardini-al-sfs\/#primaryimage\"},\"thumbnailUrl\":\"https:\/\/www.socialfootballsummit.com\/wp-content\/uploads\/2024\/12\/Progetto-senza-titolo-2-2.png\",\"keywords\":[\"Calcio\",\"Palermo\",\"SFS\"],\"articleSection\":[\"Blog\",\"Blog\"],\"inLanguage\":\"it-IT\"},{\"@type\":\"WebPage\",\"@id\":\"https:\/\/www.socialfootballsummit.com\/it\/con-il-palermo-siamo-a-meta-del-nostro-percorso-ha-detto-giovanni-gardini-al-sfs\/\",\"url\":\"https:\/\/www.socialfootballsummit.com\/it\/con-il-palermo-siamo-a-meta-del-nostro-percorso-ha-detto-giovanni-gardini-al-sfs\/\",\"name\":\"\\\"Con il Palermo siamo a met\u00e0 del nostro percorso\\\", ha detto Giovanni Gardini al SFS - SFS\",\"isPartOf\":{\"@id\":\"https:\/\/www.socialfootballsummit.com\/it\/#website\"},\"primaryImageOfPage\":{\"@id\":\"https:\/\/www.socialfootballsummit.com\/it\/con-il-palermo-siamo-a-meta-del-nostro-percorso-ha-detto-giovanni-gardini-al-sfs\/#primaryimage\"},\"image\":{\"@id\":\"https:\/\/www.socialfootballsummit.com\/it\/con-il-palermo-siamo-a-meta-del-nostro-percorso-ha-detto-giovanni-gardini-al-sfs\/#primaryimage\"},\"thumbnailUrl\":\"https:\/\/www.socialfootballsummit.com\/wp-content\/uploads\/2024\/12\/Progetto-senza-titolo-2-2.png\",\"datePublished\":\"2024-12-09T11:34:39+00:00\",\"dateModified\":\"2024-12-09T11:56:22+00:00\",\"description\":\"L'AD rosanero Giovanni Gardini \u00e8 stato intervistato al SFS da Luca Marchetti. Ha parlato dei risultati sportivi, e manageriali, conseguiti in questi due anni dalla societ\u00e0 sicula\",\"breadcrumb\":{\"@id\":\"https:\/\/www.socialfootballsummit.com\/it\/con-il-palermo-siamo-a-meta-del-nostro-percorso-ha-detto-giovanni-gardini-al-sfs\/#breadcrumb\"},\"inLanguage\":\"it-IT\",\"potentialAction\":[{\"@type\":\"ReadAction\",\"target\":[\"https:\/\/www.socialfootballsummit.com\/it\/con-il-palermo-siamo-a-meta-del-nostro-percorso-ha-detto-giovanni-gardini-al-sfs\/\"]}]},{\"@type\":\"ImageObject\",\"inLanguage\":\"it-IT\",\"@id\":\"https:\/\/www.socialfootballsummit.com\/it\/con-il-palermo-siamo-a-meta-del-nostro-percorso-ha-detto-giovanni-gardini-al-sfs\/#primaryimage\",\"url\":\"https:\/\/www.socialfootballsummit.com\/wp-content\/uploads\/2024\/12\/Progetto-senza-titolo-2-2.png\",\"contentUrl\":\"https:\/\/www.socialfootballsummit.com\/wp-content\/uploads\/2024\/12\/Progetto-senza-titolo-2-2.png\",\"width\":1200,\"height\":630},{\"@type\":\"BreadcrumbList\",\"@id\":\"https:\/\/www.socialfootballsummit.com\/it\/con-il-palermo-siamo-a-meta-del-nostro-percorso-ha-detto-giovanni-gardini-al-sfs\/#breadcrumb\",\"itemListElement\":[{\"@type\":\"ListItem\",\"position\":1,\"name\":\"Home\",\"item\":\"https:\/\/www.socialfootballsummit.com\/it\/\"},{\"@type\":\"ListItem\",\"position\":2,\"name\":\"&#8220;Con il Palermo siamo a met\u00e0 del nostro percorso&#8221;, ha detto Giovanni Gardini al SFS\"}]},{\"@type\":\"WebSite\",\"@id\":\"https:\/\/www.socialfootballsummit.com\/it\/#website\",\"url\":\"https:\/\/www.socialfootballsummit.com\/it\/\",\"name\":\"SFS\",\"description\":\"\",\"publisher\":{\"@id\":\"https:\/\/www.socialfootballsummit.com\/it\/#organization\"},\"potentialAction\":[{\"@type\":\"SearchAction\",\"target\":{\"@type\":\"EntryPoint\",\"urlTemplate\":\"https:\/\/www.socialfootballsummit.com\/it\/?s={search_term_string}\"},\"query-input\":{\"@type\":\"PropertyValueSpecification\",\"valueRequired\":true,\"valueName\":\"search_term_string\"}}],\"inLanguage\":\"it-IT\"},{\"@type\":\"Organization\",\"@id\":\"https:\/\/www.socialfootballsummit.com\/it\/#organization\",\"name\":\"SFS\",\"url\":\"https:\/\/www.socialfootballsummit.com\/it\/\",\"logo\":{\"@type\":\"ImageObject\",\"inLanguage\":\"it-IT\",\"@id\":\"https:\/\/www.socialfootballsummit.com\/it\/#\/schema\/logo\/image\/\",\"url\":\"https:\/\/www.socialfootballsummit.com\/wp-content\/uploads\/2024\/06\/SFS-logo-696x696-1.jpg\",\"contentUrl\":\"https:\/\/www.socialfootballsummit.com\/wp-content\/uploads\/2024\/06\/SFS-logo-696x696-1.jpg\",\"width\":697,\"height\":696,\"caption\":\"SFS\"},\"image\":{\"@id\":\"https:\/\/www.socialfootballsummit.com\/it\/#\/schema\/logo\/image\/\"},\"sameAs\":[\"https:\/\/www.facebook.com\/sfsummit\",\"https:\/\/www.instagram.com\/social_football_summit\/\",\"https:\/\/www.youtube.com\/@socialfootballsummit\",\"https:\/\/www.linkedin.com\/showcase\/socialfootballsummit\/?originalSubdomain=it\"]},{\"@type\":\"Person\",\"@id\":\"https:\/\/www.socialfootballsummit.com\/it\/#\/schema\/person\/5778867c98c9aaf1d31cc529baa24b88\",\"name\":\"Marco Carlotti\",\"url\":\"https:\/\/www.socialfootballsummit.com\/it\/author\/m-carlotti\/\"}]}<\/script>\n<!-- \/ Yoast SEO plugin. -->","yoast_head_json":{"title":"\"Con il Palermo siamo a met\u00e0 del nostro percorso\", ha detto Giovanni Gardini al SFS - SFS","description":"L'AD rosanero Giovanni Gardini \u00e8 stato intervistato al SFS da Luca Marchetti. Ha parlato dei risultati sportivi, e manageriali, conseguiti in questi due anni dalla societ\u00e0 sicula","robots":{"index":"index","follow":"follow","max-snippet":"max-snippet:-1","max-image-preview":"max-image-preview:large","max-video-preview":"max-video-preview:-1"},"canonical":"https:\/\/www.socialfootballsummit.com\/it\/con-il-palermo-siamo-a-meta-del-nostro-percorso-ha-detto-giovanni-gardini-al-sfs\/","og_locale":"it_IT","og_type":"article","og_title":"\"Con il Palermo siamo a met\u00e0 del nostro percorso\", ha detto Giovanni Gardini al SFS - SFS","og_description":"L'AD rosanero Giovanni Gardini \u00e8 stato intervistato al SFS da Luca Marchetti. Ha parlato dei risultati sportivi, e manageriali, conseguiti in questi due anni dalla societ\u00e0 sicula","og_url":"https:\/\/www.socialfootballsummit.com\/it\/con-il-palermo-siamo-a-meta-del-nostro-percorso-ha-detto-giovanni-gardini-al-sfs\/","og_site_name":"SFS","article_publisher":"https:\/\/www.facebook.com\/sfsummit","article_published_time":"2024-12-09T11:34:39+00:00","article_modified_time":"2024-12-09T11:56:22+00:00","og_image":[{"width":1200,"height":630,"url":"https:\/\/www.socialfootballsummit.com\/wp-content\/uploads\/2024\/12\/Progetto-senza-titolo-2-2.png","type":"image\/png"}],"author":"Marco Carlotti","twitter_card":"summary_large_image","twitter_misc":{"Scritto da":"Marco Carlotti","Tempo di lettura stimato":"3 minuti"},"schema":{"@context":"https:\/\/schema.org","@graph":[{"@type":"Article","@id":"https:\/\/www.socialfootballsummit.com\/it\/con-il-palermo-siamo-a-meta-del-nostro-percorso-ha-detto-giovanni-gardini-al-sfs\/#article","isPartOf":{"@id":"https:\/\/www.socialfootballsummit.com\/it\/con-il-palermo-siamo-a-meta-del-nostro-percorso-ha-detto-giovanni-gardini-al-sfs\/"},"author":{"name":"Marco Carlotti","@id":"https:\/\/www.socialfootballsummit.com\/it\/#\/schema\/person\/5778867c98c9aaf1d31cc529baa24b88"},"headline":"&#8220;Con il Palermo siamo a met\u00e0 del nostro percorso&#8221;, ha detto Giovanni Gardini al SFS","datePublished":"2024-12-09T11:34:39+00:00","dateModified":"2024-12-09T11:56:22+00:00","mainEntityOfPage":{"@id":"https:\/\/www.socialfootballsummit.com\/it\/con-il-palermo-siamo-a-meta-del-nostro-percorso-ha-detto-giovanni-gardini-al-sfs\/"},"wordCount":641,"publisher":{"@id":"https:\/\/www.socialfootballsummit.com\/it\/#organization"},"image":{"@id":"https:\/\/www.socialfootballsummit.com\/it\/con-il-palermo-siamo-a-meta-del-nostro-percorso-ha-detto-giovanni-gardini-al-sfs\/#primaryimage"},"thumbnailUrl":"https:\/\/www.socialfootballsummit.com\/wp-content\/uploads\/2024\/12\/Progetto-senza-titolo-2-2.png","keywords":["Calcio","Palermo","SFS"],"articleSection":["Blog","Blog"],"inLanguage":"it-IT"},{"@type":"WebPage","@id":"https:\/\/www.socialfootballsummit.com\/it\/con-il-palermo-siamo-a-meta-del-nostro-percorso-ha-detto-giovanni-gardini-al-sfs\/","url":"https:\/\/www.socialfootballsummit.com\/it\/con-il-palermo-siamo-a-meta-del-nostro-percorso-ha-detto-giovanni-gardini-al-sfs\/","name":"\"Con il Palermo siamo a met\u00e0 del nostro percorso\", ha detto Giovanni Gardini al SFS - SFS","isPartOf":{"@id":"https:\/\/www.socialfootballsummit.com\/it\/#website"},"primaryImageOfPage":{"@id":"https:\/\/www.socialfootballsummit.com\/it\/con-il-palermo-siamo-a-meta-del-nostro-percorso-ha-detto-giovanni-gardini-al-sfs\/#primaryimage"},"image":{"@id":"https:\/\/www.socialfootballsummit.com\/it\/con-il-palermo-siamo-a-meta-del-nostro-percorso-ha-detto-giovanni-gardini-al-sfs\/#primaryimage"},"thumbnailUrl":"https:\/\/www.socialfootballsummit.com\/wp-content\/uploads\/2024\/12\/Progetto-senza-titolo-2-2.png","datePublished":"2024-12-09T11:34:39+00:00","dateModified":"2024-12-09T11:56:22+00:00","description":"L'AD rosanero Giovanni Gardini \u00e8 stato intervistato al SFS da Luca Marchetti. Ha parlato dei risultati sportivi, e manageriali, conseguiti in questi due anni dalla societ\u00e0 sicula","breadcrumb":{"@id":"https:\/\/www.socialfootballsummit.com\/it\/con-il-palermo-siamo-a-meta-del-nostro-percorso-ha-detto-giovanni-gardini-al-sfs\/#breadcrumb"},"inLanguage":"it-IT","potentialAction":[{"@type":"ReadAction","target":["https:\/\/www.socialfootballsummit.com\/it\/con-il-palermo-siamo-a-meta-del-nostro-percorso-ha-detto-giovanni-gardini-al-sfs\/"]}]},{"@type":"ImageObject","inLanguage":"it-IT","@id":"https:\/\/www.socialfootballsummit.com\/it\/con-il-palermo-siamo-a-meta-del-nostro-percorso-ha-detto-giovanni-gardini-al-sfs\/#primaryimage","url":"https:\/\/www.socialfootballsummit.com\/wp-content\/uploads\/2024\/12\/Progetto-senza-titolo-2-2.png","contentUrl":"https:\/\/www.socialfootballsummit.com\/wp-content\/uploads\/2024\/12\/Progetto-senza-titolo-2-2.png","width":1200,"height":630},{"@type":"BreadcrumbList","@id":"https:\/\/www.socialfootballsummit.com\/it\/con-il-palermo-siamo-a-meta-del-nostro-percorso-ha-detto-giovanni-gardini-al-sfs\/#breadcrumb","itemListElement":[{"@type":"ListItem","position":1,"name":"Home","item":"https:\/\/www.socialfootballsummit.com\/it\/"},{"@type":"ListItem","position":2,"name":"&#8220;Con il Palermo siamo a met\u00e0 del nostro percorso&#8221;, ha detto Giovanni Gardini al SFS"}]},{"@type":"WebSite","@id":"https:\/\/www.socialfootballsummit.com\/it\/#website","url":"https:\/\/www.socialfootballsummit.com\/it\/","name":"SFS","description":"","publisher":{"@id":"https:\/\/www.socialfootballsummit.com\/it\/#organization"},"potentialAction":[{"@type":"SearchAction","target":{"@type":"EntryPoint","urlTemplate":"https:\/\/www.socialfootballsummit.com\/it\/?s={search_term_string}"},"query-input":{"@type":"PropertyValueSpecification","valueRequired":true,"valueName":"search_term_string"}}],"inLanguage":"it-IT"},{"@type":"Organization","@id":"https:\/\/www.socialfootballsummit.com\/it\/#organization","name":"SFS","url":"https:\/\/www.socialfootballsummit.com\/it\/","logo":{"@type":"ImageObject","inLanguage":"it-IT","@id":"https:\/\/www.socialfootballsummit.com\/it\/#\/schema\/logo\/image\/","url":"https:\/\/www.socialfootballsummit.com\/wp-content\/uploads\/2024\/06\/SFS-logo-696x696-1.jpg","contentUrl":"https:\/\/www.socialfootballsummit.com\/wp-content\/uploads\/2024\/06\/SFS-logo-696x696-1.jpg","width":697,"height":696,"caption":"SFS"},"image":{"@id":"https:\/\/www.socialfootballsummit.com\/it\/#\/schema\/logo\/image\/"},"sameAs":["https:\/\/www.facebook.com\/sfsummit","https:\/\/www.instagram.com\/social_football_summit\/","https:\/\/www.youtube.com\/@socialfootballsummit","https:\/\/www.linkedin.com\/showcase\/socialfootballsummit\/?originalSubdomain=it"]},{"@type":"Person","@id":"https:\/\/www.socialfootballsummit.com\/it\/#\/schema\/person\/5778867c98c9aaf1d31cc529baa24b88","name":"Marco Carlotti","url":"https:\/\/www.socialfootballsummit.com\/it\/author\/m-carlotti\/"}]}},"_links":{"self":[{"href":"https:\/\/www.socialfootballsummit.com\/it\/wp-json\/wp\/v2\/posts\/23565","targetHints":{"allow":["GET"]}}],"collection":[{"href":"https:\/\/www.socialfootballsummit.com\/it\/wp-json\/wp\/v2\/posts"}],"about":[{"href":"https:\/\/www.socialfootballsummit.com\/it\/wp-json\/wp\/v2\/types\/post"}],"author":[{"embeddable":true,"href":"https:\/\/www.socialfootballsummit.com\/it\/wp-json\/wp\/v2\/users\/20"}],"replies":[{"embeddable":true,"href":"https:\/\/www.socialfootballsummit.com\/it\/wp-json\/wp\/v2\/comments?post=23565"}],"version-history":[{"count":3,"href":"https:\/\/www.socialfootballsummit.com\/it\/wp-json\/wp\/v2\/posts\/23565\/revisions"}],"predecessor-version":[{"id":23577,"href":"https:\/\/www.socialfootballsummit.com\/it\/wp-json\/wp\/v2\/posts\/23565\/revisions\/23577"}],"wp:featuredmedia":[{"embeddable":true,"href":"https:\/\/www.socialfootballsummit.com\/it\/wp-json\/wp\/v2\/media\/23568"}],"wp:attachment":[{"href":"https:\/\/www.socialfootballsummit.com\/it\/wp-json\/wp\/v2\/media?parent=23565"}],"wp:term":[{"taxonomy":"category","embeddable":true,"href":"https:\/\/www.socialfootballsummit.com\/it\/wp-json\/wp\/v2\/categories?post=23565"},{"taxonomy":"post_tag","embeddable":true,"href":"https:\/\/www.socialfootballsummit.com\/it\/wp-json\/wp\/v2\/tags?post=23565"},{"taxonomy":"author","embeddable":true,"href":"https:\/\/www.socialfootballsummit.com\/it\/wp-json\/wp\/v2\/coauthors?post=23565"}],"curies":[{"name":"wp","href":"https:\/\/api.w.org\/{rel}","templated":true}]}}