{"id":23579,"date":"2024-12-10T14:18:41","date_gmt":"2024-12-10T13:18:41","guid":{"rendered":"https:\/\/www.socialfootballsummit.com\/?p=23579"},"modified":"2024-12-10T14:31:49","modified_gmt":"2024-12-10T13:31:49","slug":"puntiamo-a-uno-stadio-di-proprieta-e-sul-settore-giovanile-ha-detto-giovanni-manna-al-sfs","status":"publish","type":"post","link":"https:\/\/www.socialfootballsummit.com\/it\/puntiamo-a-uno-stadio-di-proprieta-e-sul-settore-giovanile-ha-detto-giovanni-manna-al-sfs\/","title":{"rendered":"&#8220;Puntiamo a uno stadio di propriet\u00e0 e sul settore giovanile&#8221; ha detto Giovanni Manna al SFS"},"content":{"rendered":"\n<p><strong>Giovanni Manna<\/strong>, direttore sportivo del Napoli, \u00e8 stato ospite al SFS, intervistato dai giornalisti di Sky Sport <strong>Luca Marchetti<\/strong> e <strong>Gianluca Di Marzio<\/strong>. Tanti gli argomenti trattati: dal suo percorso professionale alle sfide lavorative future, oltre alla stagione in corso alla corte partenopea di Aurelio De Laurentiis.<\/p>\n\n\n\n<p>\u201c<em>A Lugano facevo il team manager, e non c\u2019era una struttura consolidata, quindi agivo da autodidatta. Fabio Paratici e Walter Sabatini sono stati dei riferimenti imprescindibili. Una seconda squadra del Napoli? Ad oggi puntiamo pi\u00f9 sul rifacimento del centro sportivo e lo stadio di propriet\u00e0: asset fondamentali per una societ\u00e0 che vuole lavorare bene e valorizzare tutto il settore giovanile<\/em>\u201d, ha risposto il direttore sportivo incalzato dalle domande di Marchetti e Di Marzio.&nbsp;<\/p>\n\n\n\n<p>Si \u00e8 anche affrontato il tema dell\u2019utilizzo di numeri e dati. La <strong>moneyball<\/strong>, infatti, \u00e8 entrata prepotentemente nell\u2019attivit\u00e0 di scouting e di gestione, e a oggi sembra uno strumento di cui non si pu\u00f2 fare a meno. Tuttavia, \u00e8 stato precisato, per quanto fungano da utile supporto valoriale, non riescono a coprire tutte le possibili variabili del caso o a spiegare l\u2019intelligenza &#8211; tattica ed emotiva &#8211; del calciatore esaminato. Un discorso, quello sui calciatori, che si \u00e8 legato anche alle trattative legate al management dei diritti di immagine e alle negoziazioni con gli sponsor tecnici.&nbsp;<\/p>\n\n\n\n<figure class=\"wp-block-embed aligncenter is-type-video is-provider-youtube wp-block-embed-youtube wp-embed-aspect-16-9 wp-has-aspect-ratio\"><div class=\"wp-block-embed__wrapper\">\n<iframe loading=\"lazy\" title=\"SFS 24 interview - Luca Marchetti and Gianluca Di Marzio interview Giovanni Manna\" width=\"1100\" height=\"619\" src=\"https:\/\/www.youtube.com\/embed\/EqFPdi_zBU8?feature=oembed\" frameborder=\"0\" allow=\"accelerometer; autoplay; clipboard-write; encrypted-media; gyroscope; picture-in-picture; web-share\" referrerpolicy=\"strict-origin-when-cross-origin\" allowfullscreen><\/iframe>\n<\/div><\/figure>\n\n\n\n<p>Una societ\u00e0 complicata anche per quanto concerne l\u2019ultima stagione che ha parzialmente deluso le aspettative di molti. Da l\u00ec, una ripartenza in pompa magna, con i primi contatti avuti con <strong>Aurelio De Laurentiis <\/strong>e <strong>Antonio Conte<\/strong>, oltre alle scelte societarie e di mercato attorno a giocatori chiave come<strong> Alessandro Buongiorno<\/strong>, <strong>Scott McTominay<\/strong> ,<strong>Khvicha K&#8217;varatskhelia<\/strong>, <strong>Victor Osimhen<\/strong> e <strong>Romelu Lukaku<\/strong>.<\/p>\n\n\n\n<p>Poche parole spese sul mercato di riparazione di gennaio, senza grandi colpi &#8211; salvo imprevisti &#8211; che dovrebbero essere fatti. Invece, il panel ha offerto l\u2019occasione per discutere l&#8217;opportunit\u00e0 di riformare il \u201csistema calcio\u201d nella sua interezza. Come? Ad esempio accogliendo la proposta di chiudere il mercato prima che inizi la stagione sportiva: una soluzione che, secondo Manna, ha una propria logica, bench\u00e8 sia necessario imprimere una direzione comune e uniforme a tutto il contesto europeo (che oggi sembra mancare).<\/p>\n\n\n\n<p>Infine, la parte conclusiva del panel ha riguardato l\u2019allargamento delle rose a fronte di<strong> calendari sempre pi\u00f9 fitti e la forbice economica con la Premier League<\/strong>: \u201c<em>Il percorso europeo delle squadre italiane negli ultimi anni \u00e8 molto positivo, anche se siamo portati a pensare il contrario. Il gap con la Premier \u00e8 sopratutto economico, per diritti televisivi, merchandising e introiti provenienti dagli stadi <\/em>\u201d.<\/p>\n\n\n\n<p>Una visione, quella di Manna, che comunque &#8211; come lo stesso ha dichiarato &#8211; si nutre dell\u2019entusiasmo della gente. Soltanto un approccio collettivo e condiviso, infatti, garantisce risultati certi sul lungo periodo.<\/p>\n","protected":false},"excerpt":{"rendered":"<p>Giovanni Manna, direttore sportivo del Napoli, \u00e8 stato ospite al SFS, intervistato dai giornalisti di Sky Sport Luca Marchetti e Gianluca Di Marzio. Tanti gli argomenti trattati: dal suo percorso professionale alle sfide lavorative future, oltre alla stagione in corso alla corte partenopea di Aurelio De Laurentiis. \u201cA Lugano facevo il team manager, e non c\u2019era una struttura consolidata, quindi agivo da autodidatta. Fabio Paratici e Walter Sabatini sono stati dei riferimenti imprescindibili. Una seconda squadra del Napoli? Ad oggi [&hellip;]<\/p>\n","protected":false},"author":20,"featured_media":23582,"comment_status":"closed","ping_status":"closed","sticky":false,"template":"","format":"standard","meta":{"_acf_changed":false,"inline_featured_image":false,"footnotes":""},"categories":[152,163],"tags":[263,404,405,273],"coauthors":[],"class_list":["post-23579","post","type-post","status-publish","format-standard","has-post-thumbnail","hentry","category-blog","category-blog-2","tag-calcio-3","tag-giovanni-manna","tag-napoli","tag-sfs-2"],"acf":[],"yoast_head":"<!-- This site is optimized with the Yoast SEO plugin v24.4 - https:\/\/yoast.com\/wordpress\/plugins\/seo\/ -->\n<title>&quot;Puntiamo a uno stadio di propriet\u00e0 e sul settore giovanile&quot; ha detto Giovanni Manna al SFS - SFS<\/title>\n<meta name=\"description\" content=\"Il DS del Napoli Giovanni Manna \u00e8 stato ospite del SFS, intervistato da Luca Marchetti e Gianluca Di Marzio\" \/>\n<meta name=\"robots\" content=\"index, follow, max-snippet:-1, max-image-preview:large, max-video-preview:-1\" \/>\n<link rel=\"canonical\" href=\"https:\/\/www.socialfootballsummit.com\/it\/puntiamo-a-uno-stadio-di-proprieta-e-sul-settore-giovanile-ha-detto-giovanni-manna-al-sfs\/\" \/>\n<meta property=\"og:locale\" content=\"it_IT\" \/>\n<meta property=\"og:type\" content=\"article\" \/>\n<meta property=\"og:title\" content=\"&quot;Puntiamo a uno stadio di propriet\u00e0 e sul settore giovanile&quot; ha detto Giovanni Manna al SFS - SFS\" \/>\n<meta property=\"og:description\" content=\"Il DS del Napoli Giovanni Manna \u00e8 stato ospite del SFS, intervistato da Luca Marchetti e Gianluca Di Marzio\" \/>\n<meta property=\"og:url\" content=\"https:\/\/www.socialfootballsummit.com\/it\/puntiamo-a-uno-stadio-di-proprieta-e-sul-settore-giovanile-ha-detto-giovanni-manna-al-sfs\/\" \/>\n<meta property=\"og:site_name\" content=\"SFS\" \/>\n<meta property=\"article:publisher\" content=\"https:\/\/www.facebook.com\/sfsummit\" \/>\n<meta property=\"article:published_time\" content=\"2024-12-10T13:18:41+00:00\" \/>\n<meta property=\"article:modified_time\" content=\"2024-12-10T13:31:49+00:00\" \/>\n<meta property=\"og:image\" content=\"https:\/\/www.socialfootballsummit.com\/wp-content\/uploads\/2024\/12\/Manna.png\" \/>\n\t<meta property=\"og:image:width\" content=\"1200\" \/>\n\t<meta property=\"og:image:height\" content=\"630\" \/>\n\t<meta property=\"og:image:type\" content=\"image\/png\" \/>\n<meta name=\"author\" content=\"Marco Carlotti\" \/>\n<meta name=\"twitter:card\" content=\"summary_large_image\" \/>\n<meta name=\"twitter:label1\" content=\"Scritto da\" \/>\n\t<meta name=\"twitter:data1\" content=\"Marco Carlotti\" \/>\n\t<meta name=\"twitter:label2\" content=\"Tempo di lettura stimato\" \/>\n\t<meta name=\"twitter:data2\" content=\"3 minuti\" \/>\n<script type=\"application\/ld+json\" class=\"yoast-schema-graph\">{\"@context\":\"https:\/\/schema.org\",\"@graph\":[{\"@type\":\"Article\",\"@id\":\"https:\/\/www.socialfootballsummit.com\/it\/puntiamo-a-uno-stadio-di-proprieta-e-sul-settore-giovanile-ha-detto-giovanni-manna-al-sfs\/#article\",\"isPartOf\":{\"@id\":\"https:\/\/www.socialfootballsummit.com\/it\/puntiamo-a-uno-stadio-di-proprieta-e-sul-settore-giovanile-ha-detto-giovanni-manna-al-sfs\/\"},\"author\":{\"name\":\"Marco Carlotti\",\"@id\":\"https:\/\/www.socialfootballsummit.com\/it\/#\/schema\/person\/5778867c98c9aaf1d31cc529baa24b88\"},\"headline\":\"&#8220;Puntiamo a uno stadio di propriet\u00e0 e sul settore giovanile&#8221; ha detto Giovanni Manna al SFS\",\"datePublished\":\"2024-12-10T13:18:41+00:00\",\"dateModified\":\"2024-12-10T13:31:49+00:00\",\"mainEntityOfPage\":{\"@id\":\"https:\/\/www.socialfootballsummit.com\/it\/puntiamo-a-uno-stadio-di-proprieta-e-sul-settore-giovanile-ha-detto-giovanni-manna-al-sfs\/\"},\"wordCount\":477,\"publisher\":{\"@id\":\"https:\/\/www.socialfootballsummit.com\/it\/#organization\"},\"image\":{\"@id\":\"https:\/\/www.socialfootballsummit.com\/it\/puntiamo-a-uno-stadio-di-proprieta-e-sul-settore-giovanile-ha-detto-giovanni-manna-al-sfs\/#primaryimage\"},\"thumbnailUrl\":\"https:\/\/www.socialfootballsummit.com\/wp-content\/uploads\/2024\/12\/Manna.png\",\"keywords\":[\"Calcio\",\"Giovanni Manna\",\"Napoli\",\"SFS\"],\"articleSection\":[\"Blog\",\"Blog\"],\"inLanguage\":\"it-IT\"},{\"@type\":\"WebPage\",\"@id\":\"https:\/\/www.socialfootballsummit.com\/it\/puntiamo-a-uno-stadio-di-proprieta-e-sul-settore-giovanile-ha-detto-giovanni-manna-al-sfs\/\",\"url\":\"https:\/\/www.socialfootballsummit.com\/it\/puntiamo-a-uno-stadio-di-proprieta-e-sul-settore-giovanile-ha-detto-giovanni-manna-al-sfs\/\",\"name\":\"\\\"Puntiamo a uno stadio di propriet\u00e0 e sul settore giovanile\\\" ha detto Giovanni Manna al SFS - SFS\",\"isPartOf\":{\"@id\":\"https:\/\/www.socialfootballsummit.com\/it\/#website\"},\"primaryImageOfPage\":{\"@id\":\"https:\/\/www.socialfootballsummit.com\/it\/puntiamo-a-uno-stadio-di-proprieta-e-sul-settore-giovanile-ha-detto-giovanni-manna-al-sfs\/#primaryimage\"},\"image\":{\"@id\":\"https:\/\/www.socialfootballsummit.com\/it\/puntiamo-a-uno-stadio-di-proprieta-e-sul-settore-giovanile-ha-detto-giovanni-manna-al-sfs\/#primaryimage\"},\"thumbnailUrl\":\"https:\/\/www.socialfootballsummit.com\/wp-content\/uploads\/2024\/12\/Manna.png\",\"datePublished\":\"2024-12-10T13:18:41+00:00\",\"dateModified\":\"2024-12-10T13:31:49+00:00\",\"description\":\"Il DS del Napoli Giovanni Manna \u00e8 stato ospite del SFS, intervistato da Luca Marchetti e Gianluca Di Marzio\",\"breadcrumb\":{\"@id\":\"https:\/\/www.socialfootballsummit.com\/it\/puntiamo-a-uno-stadio-di-proprieta-e-sul-settore-giovanile-ha-detto-giovanni-manna-al-sfs\/#breadcrumb\"},\"inLanguage\":\"it-IT\",\"potentialAction\":[{\"@type\":\"ReadAction\",\"target\":[\"https:\/\/www.socialfootballsummit.com\/it\/puntiamo-a-uno-stadio-di-proprieta-e-sul-settore-giovanile-ha-detto-giovanni-manna-al-sfs\/\"]}]},{\"@type\":\"ImageObject\",\"inLanguage\":\"it-IT\",\"@id\":\"https:\/\/www.socialfootballsummit.com\/it\/puntiamo-a-uno-stadio-di-proprieta-e-sul-settore-giovanile-ha-detto-giovanni-manna-al-sfs\/#primaryimage\",\"url\":\"https:\/\/www.socialfootballsummit.com\/wp-content\/uploads\/2024\/12\/Manna.png\",\"contentUrl\":\"https:\/\/www.socialfootballsummit.com\/wp-content\/uploads\/2024\/12\/Manna.png\",\"width\":1200,\"height\":630},{\"@type\":\"BreadcrumbList\",\"@id\":\"https:\/\/www.socialfootballsummit.com\/it\/puntiamo-a-uno-stadio-di-proprieta-e-sul-settore-giovanile-ha-detto-giovanni-manna-al-sfs\/#breadcrumb\",\"itemListElement\":[{\"@type\":\"ListItem\",\"position\":1,\"name\":\"Home\",\"item\":\"https:\/\/www.socialfootballsummit.com\/it\/\"},{\"@type\":\"ListItem\",\"position\":2,\"name\":\"&#8220;Puntiamo a uno stadio di propriet\u00e0 e sul settore giovanile&#8221; ha detto Giovanni Manna al SFS\"}]},{\"@type\":\"WebSite\",\"@id\":\"https:\/\/www.socialfootballsummit.com\/it\/#website\",\"url\":\"https:\/\/www.socialfootballsummit.com\/it\/\",\"name\":\"SFS\",\"description\":\"\",\"publisher\":{\"@id\":\"https:\/\/www.socialfootballsummit.com\/it\/#organization\"},\"potentialAction\":[{\"@type\":\"SearchAction\",\"target\":{\"@type\":\"EntryPoint\",\"urlTemplate\":\"https:\/\/www.socialfootballsummit.com\/it\/?s={search_term_string}\"},\"query-input\":{\"@type\":\"PropertyValueSpecification\",\"valueRequired\":true,\"valueName\":\"search_term_string\"}}],\"inLanguage\":\"it-IT\"},{\"@type\":\"Organization\",\"@id\":\"https:\/\/www.socialfootballsummit.com\/it\/#organization\",\"name\":\"SFS\",\"url\":\"https:\/\/www.socialfootballsummit.com\/it\/\",\"logo\":{\"@type\":\"ImageObject\",\"inLanguage\":\"it-IT\",\"@id\":\"https:\/\/www.socialfootballsummit.com\/it\/#\/schema\/logo\/image\/\",\"url\":\"https:\/\/www.socialfootballsummit.com\/wp-content\/uploads\/2024\/06\/SFS-logo-696x696-1.jpg\",\"contentUrl\":\"https:\/\/www.socialfootballsummit.com\/wp-content\/uploads\/2024\/06\/SFS-logo-696x696-1.jpg\",\"width\":697,\"height\":696,\"caption\":\"SFS\"},\"image\":{\"@id\":\"https:\/\/www.socialfootballsummit.com\/it\/#\/schema\/logo\/image\/\"},\"sameAs\":[\"https:\/\/www.facebook.com\/sfsummit\",\"https:\/\/www.instagram.com\/social_football_summit\/\",\"https:\/\/www.youtube.com\/@socialfootballsummit\",\"https:\/\/www.linkedin.com\/showcase\/socialfootballsummit\/?originalSubdomain=it\"]},{\"@type\":\"Person\",\"@id\":\"https:\/\/www.socialfootballsummit.com\/it\/#\/schema\/person\/5778867c98c9aaf1d31cc529baa24b88\",\"name\":\"Marco Carlotti\",\"url\":\"https:\/\/www.socialfootballsummit.com\/it\/author\/m-carlotti\/\"}]}<\/script>\n<!-- \/ Yoast SEO plugin. -->","yoast_head_json":{"title":"\"Puntiamo a uno stadio di propriet\u00e0 e sul settore giovanile\" ha detto Giovanni Manna al SFS - SFS","description":"Il DS del Napoli Giovanni Manna \u00e8 stato ospite del SFS, intervistato da Luca Marchetti e Gianluca Di Marzio","robots":{"index":"index","follow":"follow","max-snippet":"max-snippet:-1","max-image-preview":"max-image-preview:large","max-video-preview":"max-video-preview:-1"},"canonical":"https:\/\/www.socialfootballsummit.com\/it\/puntiamo-a-uno-stadio-di-proprieta-e-sul-settore-giovanile-ha-detto-giovanni-manna-al-sfs\/","og_locale":"it_IT","og_type":"article","og_title":"\"Puntiamo a uno stadio di propriet\u00e0 e sul settore giovanile\" ha detto Giovanni Manna al SFS - SFS","og_description":"Il DS del Napoli Giovanni Manna \u00e8 stato ospite del SFS, intervistato da Luca Marchetti e Gianluca Di Marzio","og_url":"https:\/\/www.socialfootballsummit.com\/it\/puntiamo-a-uno-stadio-di-proprieta-e-sul-settore-giovanile-ha-detto-giovanni-manna-al-sfs\/","og_site_name":"SFS","article_publisher":"https:\/\/www.facebook.com\/sfsummit","article_published_time":"2024-12-10T13:18:41+00:00","article_modified_time":"2024-12-10T13:31:49+00:00","og_image":[{"width":1200,"height":630,"url":"https:\/\/www.socialfootballsummit.com\/wp-content\/uploads\/2024\/12\/Manna.png","type":"image\/png"}],"author":"Marco Carlotti","twitter_card":"summary_large_image","twitter_misc":{"Scritto da":"Marco Carlotti","Tempo di lettura stimato":"3 minuti"},"schema":{"@context":"https:\/\/schema.org","@graph":[{"@type":"Article","@id":"https:\/\/www.socialfootballsummit.com\/it\/puntiamo-a-uno-stadio-di-proprieta-e-sul-settore-giovanile-ha-detto-giovanni-manna-al-sfs\/#article","isPartOf":{"@id":"https:\/\/www.socialfootballsummit.com\/it\/puntiamo-a-uno-stadio-di-proprieta-e-sul-settore-giovanile-ha-detto-giovanni-manna-al-sfs\/"},"author":{"name":"Marco Carlotti","@id":"https:\/\/www.socialfootballsummit.com\/it\/#\/schema\/person\/5778867c98c9aaf1d31cc529baa24b88"},"headline":"&#8220;Puntiamo a uno stadio di propriet\u00e0 e sul settore giovanile&#8221; ha detto Giovanni Manna al SFS","datePublished":"2024-12-10T13:18:41+00:00","dateModified":"2024-12-10T13:31:49+00:00","mainEntityOfPage":{"@id":"https:\/\/www.socialfootballsummit.com\/it\/puntiamo-a-uno-stadio-di-proprieta-e-sul-settore-giovanile-ha-detto-giovanni-manna-al-sfs\/"},"wordCount":477,"publisher":{"@id":"https:\/\/www.socialfootballsummit.com\/it\/#organization"},"image":{"@id":"https:\/\/www.socialfootballsummit.com\/it\/puntiamo-a-uno-stadio-di-proprieta-e-sul-settore-giovanile-ha-detto-giovanni-manna-al-sfs\/#primaryimage"},"thumbnailUrl":"https:\/\/www.socialfootballsummit.com\/wp-content\/uploads\/2024\/12\/Manna.png","keywords":["Calcio","Giovanni Manna","Napoli","SFS"],"articleSection":["Blog","Blog"],"inLanguage":"it-IT"},{"@type":"WebPage","@id":"https:\/\/www.socialfootballsummit.com\/it\/puntiamo-a-uno-stadio-di-proprieta-e-sul-settore-giovanile-ha-detto-giovanni-manna-al-sfs\/","url":"https:\/\/www.socialfootballsummit.com\/it\/puntiamo-a-uno-stadio-di-proprieta-e-sul-settore-giovanile-ha-detto-giovanni-manna-al-sfs\/","name":"\"Puntiamo a uno stadio di propriet\u00e0 e sul settore giovanile\" ha detto Giovanni Manna al SFS - SFS","isPartOf":{"@id":"https:\/\/www.socialfootballsummit.com\/it\/#website"},"primaryImageOfPage":{"@id":"https:\/\/www.socialfootballsummit.com\/it\/puntiamo-a-uno-stadio-di-proprieta-e-sul-settore-giovanile-ha-detto-giovanni-manna-al-sfs\/#primaryimage"},"image":{"@id":"https:\/\/www.socialfootballsummit.com\/it\/puntiamo-a-uno-stadio-di-proprieta-e-sul-settore-giovanile-ha-detto-giovanni-manna-al-sfs\/#primaryimage"},"thumbnailUrl":"https:\/\/www.socialfootballsummit.com\/wp-content\/uploads\/2024\/12\/Manna.png","datePublished":"2024-12-10T13:18:41+00:00","dateModified":"2024-12-10T13:31:49+00:00","description":"Il DS del Napoli Giovanni Manna \u00e8 stato ospite del SFS, intervistato da Luca Marchetti e Gianluca Di Marzio","breadcrumb":{"@id":"https:\/\/www.socialfootballsummit.com\/it\/puntiamo-a-uno-stadio-di-proprieta-e-sul-settore-giovanile-ha-detto-giovanni-manna-al-sfs\/#breadcrumb"},"inLanguage":"it-IT","potentialAction":[{"@type":"ReadAction","target":["https:\/\/www.socialfootballsummit.com\/it\/puntiamo-a-uno-stadio-di-proprieta-e-sul-settore-giovanile-ha-detto-giovanni-manna-al-sfs\/"]}]},{"@type":"ImageObject","inLanguage":"it-IT","@id":"https:\/\/www.socialfootballsummit.com\/it\/puntiamo-a-uno-stadio-di-proprieta-e-sul-settore-giovanile-ha-detto-giovanni-manna-al-sfs\/#primaryimage","url":"https:\/\/www.socialfootballsummit.com\/wp-content\/uploads\/2024\/12\/Manna.png","contentUrl":"https:\/\/www.socialfootballsummit.com\/wp-content\/uploads\/2024\/12\/Manna.png","width":1200,"height":630},{"@type":"BreadcrumbList","@id":"https:\/\/www.socialfootballsummit.com\/it\/puntiamo-a-uno-stadio-di-proprieta-e-sul-settore-giovanile-ha-detto-giovanni-manna-al-sfs\/#breadcrumb","itemListElement":[{"@type":"ListItem","position":1,"name":"Home","item":"https:\/\/www.socialfootballsummit.com\/it\/"},{"@type":"ListItem","position":2,"name":"&#8220;Puntiamo a uno stadio di propriet\u00e0 e sul settore giovanile&#8221; ha detto Giovanni Manna al SFS"}]},{"@type":"WebSite","@id":"https:\/\/www.socialfootballsummit.com\/it\/#website","url":"https:\/\/www.socialfootballsummit.com\/it\/","name":"SFS","description":"","publisher":{"@id":"https:\/\/www.socialfootballsummit.com\/it\/#organization"},"potentialAction":[{"@type":"SearchAction","target":{"@type":"EntryPoint","urlTemplate":"https:\/\/www.socialfootballsummit.com\/it\/?s={search_term_string}"},"query-input":{"@type":"PropertyValueSpecification","valueRequired":true,"valueName":"search_term_string"}}],"inLanguage":"it-IT"},{"@type":"Organization","@id":"https:\/\/www.socialfootballsummit.com\/it\/#organization","name":"SFS","url":"https:\/\/www.socialfootballsummit.com\/it\/","logo":{"@type":"ImageObject","inLanguage":"it-IT","@id":"https:\/\/www.socialfootballsummit.com\/it\/#\/schema\/logo\/image\/","url":"https:\/\/www.socialfootballsummit.com\/wp-content\/uploads\/2024\/06\/SFS-logo-696x696-1.jpg","contentUrl":"https:\/\/www.socialfootballsummit.com\/wp-content\/uploads\/2024\/06\/SFS-logo-696x696-1.jpg","width":697,"height":696,"caption":"SFS"},"image":{"@id":"https:\/\/www.socialfootballsummit.com\/it\/#\/schema\/logo\/image\/"},"sameAs":["https:\/\/www.facebook.com\/sfsummit","https:\/\/www.instagram.com\/social_football_summit\/","https:\/\/www.youtube.com\/@socialfootballsummit","https:\/\/www.linkedin.com\/showcase\/socialfootballsummit\/?originalSubdomain=it"]},{"@type":"Person","@id":"https:\/\/www.socialfootballsummit.com\/it\/#\/schema\/person\/5778867c98c9aaf1d31cc529baa24b88","name":"Marco Carlotti","url":"https:\/\/www.socialfootballsummit.com\/it\/author\/m-carlotti\/"}]}},"_links":{"self":[{"href":"https:\/\/www.socialfootballsummit.com\/it\/wp-json\/wp\/v2\/posts\/23579","targetHints":{"allow":["GET"]}}],"collection":[{"href":"https:\/\/www.socialfootballsummit.com\/it\/wp-json\/wp\/v2\/posts"}],"about":[{"href":"https:\/\/www.socialfootballsummit.com\/it\/wp-json\/wp\/v2\/types\/post"}],"author":[{"embeddable":true,"href":"https:\/\/www.socialfootballsummit.com\/it\/wp-json\/wp\/v2\/users\/20"}],"replies":[{"embeddable":true,"href":"https:\/\/www.socialfootballsummit.com\/it\/wp-json\/wp\/v2\/comments?post=23579"}],"version-history":[{"count":5,"href":"https:\/\/www.socialfootballsummit.com\/it\/wp-json\/wp\/v2\/posts\/23579\/revisions"}],"predecessor-version":[{"id":23591,"href":"https:\/\/www.socialfootballsummit.com\/it\/wp-json\/wp\/v2\/posts\/23579\/revisions\/23591"}],"wp:featuredmedia":[{"embeddable":true,"href":"https:\/\/www.socialfootballsummit.com\/it\/wp-json\/wp\/v2\/media\/23582"}],"wp:attachment":[{"href":"https:\/\/www.socialfootballsummit.com\/it\/wp-json\/wp\/v2\/media?parent=23579"}],"wp:term":[{"taxonomy":"category","embeddable":true,"href":"https:\/\/www.socialfootballsummit.com\/it\/wp-json\/wp\/v2\/categories?post=23579"},{"taxonomy":"post_tag","embeddable":true,"href":"https:\/\/www.socialfootballsummit.com\/it\/wp-json\/wp\/v2\/tags?post=23579"},{"taxonomy":"author","embeddable":true,"href":"https:\/\/www.socialfootballsummit.com\/it\/wp-json\/wp\/v2\/coauthors?post=23579"}],"curies":[{"name":"wp","href":"https:\/\/api.w.org\/{rel}","templated":true}]}}