{"id":26995,"date":"2025-07-09T15:50:50","date_gmt":"2025-07-09T13:50:50","guid":{"rendered":"https:\/\/www.socialfootballsummit.com\/?p=26995"},"modified":"2025-07-09T16:44:55","modified_gmt":"2025-07-09T14:44:55","slug":"sfs-lottava-edizione-sbarca-allallianz-stadium-di-torino","status":"publish","type":"post","link":"https:\/\/www.socialfootballsummit.com\/it\/sfs-lottava-edizione-sbarca-allallianz-stadium-di-torino\/","title":{"rendered":"SFS: l&#8217;ottava edizione sbarca all\u2019Allianz Stadium di Torino"},"content":{"rendered":"\n<p>L\u2019ottava edizione del <strong>SFS<\/strong>, si terr\u00e0 il 18 e 19 novembre 2025 nella prestigiosa cornice dell\u2019<strong>Allianz Stadium di Torino<\/strong>, segnando una nuova tappa nell\u2019evoluzione dell\u2019evento di riferimento per la football industry a livello internazionale.<\/p>\n\n\n\n<p>Un luogo iconico per un\u2019edizione che punta a essere ancora pi\u00f9 innovativa, sostenibile e coinvolgente, con un programma ricco di panel tematici, workshop, startup competition e premi. L\u2019obiettivo? Analizzare e ispirare il futuro del calcio attraverso l\u2019innovazione tecnologica, la trasformazione digitale, la sostenibilit\u00e0, l\u2019inclusione e i nuovi modelli di business.<\/p>\n\n\n\n<p>Saranno presenti <strong>oltre 150 speaker<\/strong> di rilievo internazionale, tra cui rappresentanti di FIFA, UEFA, FIGC, Lega Serie A, club europei, aziende tech, dirigenti, atleti e innovatori del settore.<\/p>\n\n\n\n<p>Non mancheranno momenti speciali come <strong><a href=\"https:\/\/www.socialfootballsummit.com\/it\/extratime-1\/\">SFS EXTRA TIME<\/a><\/strong>, la competition per le startup pi\u00f9 promettenti del mondo sportivo, e la cerimonia degli SFS Awards, che celebreranno le eccellenze della football industry.<\/p>\n\n\n\n<p>Come ha sottolineato <strong>Gianfilippo Valentini<\/strong>, <em>CEO <\/em>di SFS: \u201cPortare il Summit a Torino, citt\u00e0 simbolo del calcio italiano, rappresenta un passaggio fondamentale per il nostro percorso di crescita, con l\u2019ambizione di rafforzare la dimensione internazionale dell\u2019evento\u201d. Dichiarazione condivisa anche da <strong>Massimo Tucci<\/strong>, Direttore di SFS, che ha aggiunto: &#8220;Consolidare il ruolo dell\u2019evento in Italia ampliando per\u00f2 sempre pi\u00f9 la sua dimensione internazionale ed in particolare creare le migliori condizioni possibili per determinare opportunit\u00e0 di business tra gli stakeholders contribuendo alla crescita ed allo sviluppo dell\u2019intero settore\u201d.<\/p>\n\n\n\n<p>Infine,  a confermare la centralit\u00e0 del Summit nel panorama internazionale \u00e8 anche la collaborazione strategica con<strong> Lega Serie A<\/strong>, <em>Global Partner<\/em> della manifestazione. Cos\u00ec<strong> Luigi De Siervo<\/strong>, AD Lega Serie A: &#8220;Partecipare all\u2019evento come Global Partner ci consente, ancora una volta, di essere parte attiva in questo processo di crescita, per spingere il nostro sport ad essere pi\u00f9 moderno, sostenibile e coinvolgente per i tifosi. La magnifica cornice dell\u2019Allianz Stadium di Torino, splendido esempio di stadio di propriet\u00e0, si dimostra la location perfetta per ospitare questo evento e rappresentare la dimensione del calcio del futuro proprio perch\u00e9 innovativo e funzionale&#8221;.<\/p>\n\n\n\n<p><\/p>\n\n\n\n<p>\ud83d\udccd Vuoi partecipare? Scopri tutte le formule e acquista il tuo posto su<strong><a href=\"https:\/\/www.socialfootballsummit.com\/en\/ticket-sfs26\/\"> https:\/\/www.socialfootballsummit.com\/en\/ticket-sfs25\/<\/a><\/strong><\/p>\n\n\n\n<p><\/p>\n","protected":false},"excerpt":{"rendered":"<p>L\u2019ottava edizione del SFS, si terr\u00e0 il 18 e 19 novembre 2025 nella prestigiosa cornice dell\u2019Allianz Stadium di Torino, segnando una nuova tappa nell\u2019evoluzione dell\u2019evento di riferimento per la football industry a livello internazionale. Un luogo iconico per un\u2019edizione che punta a essere ancora pi\u00f9 innovativa, sostenibile e coinvolgente, con un programma ricco di panel tematici, workshop, startup competition e premi. L\u2019obiettivo? Analizzare e ispirare il futuro del calcio attraverso l\u2019innovazione tecnologica, la trasformazione digitale, la sostenibilit\u00e0, l\u2019inclusione e i [&hellip;]<\/p>\n","protected":false},"author":20,"featured_media":26996,"comment_status":"closed","ping_status":"closed","sticky":false,"template":"","format":"standard","meta":{"_acf_changed":false,"inline_featured_image":false,"footnotes":""},"categories":[152,163],"tags":[541,542,540],"coauthors":[],"class_list":["post-26995","post","type-post","status-publish","format-standard","has-post-thumbnail","hentry","category-blog","category-blog-2","tag-allianz-stadium-2","tag-annuncio","tag-sfs25"],"acf":[],"yoast_head":"<!-- This site is optimized with the Yoast SEO plugin v24.4 - https:\/\/yoast.com\/wordpress\/plugins\/seo\/ -->\n<title>SFS: l&#039;ottava edizione sbarca all\u2019Allianz Stadium di Torino - SFS<\/title>\n<meta name=\"description\" content=\"Saranno presenti oltre 150 speaker di rilievo internazionale, tra cui rappresentanti di FIFA, UEFA, FIGC, Lega Serie A, club europei, aziende tech, dirigenti, atleti e innovatori del settore.\" \/>\n<meta name=\"robots\" content=\"index, follow, max-snippet:-1, max-image-preview:large, max-video-preview:-1\" \/>\n<link rel=\"canonical\" href=\"https:\/\/www.socialfootballsummit.com\/it\/sfs-lottava-edizione-sbarca-allallianz-stadium-di-torino\/\" \/>\n<meta property=\"og:locale\" content=\"it_IT\" \/>\n<meta property=\"og:type\" content=\"article\" \/>\n<meta property=\"og:title\" content=\"SFS: l&#039;ottava edizione sbarca all\u2019Allianz Stadium di Torino - SFS\" \/>\n<meta property=\"og:description\" content=\"Saranno presenti oltre 150 speaker di rilievo internazionale, tra cui rappresentanti di FIFA, UEFA, FIGC, Lega Serie A, club europei, aziende tech, dirigenti, atleti e innovatori del settore.\" \/>\n<meta property=\"og:url\" content=\"https:\/\/www.socialfootballsummit.com\/it\/sfs-lottava-edizione-sbarca-allallianz-stadium-di-torino\/\" \/>\n<meta property=\"og:site_name\" content=\"SFS\" \/>\n<meta property=\"article:publisher\" content=\"https:\/\/www.facebook.com\/sfsummit\" \/>\n<meta property=\"article:published_time\" content=\"2025-07-09T13:50:50+00:00\" \/>\n<meta property=\"article:modified_time\" content=\"2025-07-09T14:44:55+00:00\" \/>\n<meta property=\"og:image\" content=\"https:\/\/www.socialfootballsummit.com\/wp-content\/uploads\/2025\/07\/Progetto-senza-titolo-2025-07-09T153828.587.jpg\" \/>\n\t<meta property=\"og:image:width\" content=\"1200\" \/>\n\t<meta property=\"og:image:height\" content=\"630\" \/>\n\t<meta property=\"og:image:type\" content=\"image\/jpeg\" \/>\n<meta name=\"author\" content=\"Marco Carlotti\" \/>\n<meta name=\"twitter:card\" content=\"summary_large_image\" \/>\n<meta name=\"twitter:label1\" content=\"Scritto da\" \/>\n\t<meta name=\"twitter:data1\" content=\"Marco Carlotti\" \/>\n\t<meta name=\"twitter:label2\" content=\"Tempo di lettura stimato\" \/>\n\t<meta name=\"twitter:data2\" content=\"2 minuti\" \/>\n<script type=\"application\/ld+json\" class=\"yoast-schema-graph\">{\"@context\":\"https:\/\/schema.org\",\"@graph\":[{\"@type\":\"Article\",\"@id\":\"https:\/\/www.socialfootballsummit.com\/it\/sfs-lottava-edizione-sbarca-allallianz-stadium-di-torino\/#article\",\"isPartOf\":{\"@id\":\"https:\/\/www.socialfootballsummit.com\/it\/sfs-lottava-edizione-sbarca-allallianz-stadium-di-torino\/\"},\"author\":{\"name\":\"Marco Carlotti\",\"@id\":\"https:\/\/www.socialfootballsummit.com\/it\/#\/schema\/person\/5778867c98c9aaf1d31cc529baa24b88\"},\"headline\":\"SFS: l&#8217;ottava edizione sbarca all\u2019Allianz Stadium di Torino\",\"datePublished\":\"2025-07-09T13:50:50+00:00\",\"dateModified\":\"2025-07-09T14:44:55+00:00\",\"mainEntityOfPage\":{\"@id\":\"https:\/\/www.socialfootballsummit.com\/it\/sfs-lottava-edizione-sbarca-allallianz-stadium-di-torino\/\"},\"wordCount\":365,\"publisher\":{\"@id\":\"https:\/\/www.socialfootballsummit.com\/it\/#organization\"},\"image\":{\"@id\":\"https:\/\/www.socialfootballsummit.com\/it\/sfs-lottava-edizione-sbarca-allallianz-stadium-di-torino\/#primaryimage\"},\"thumbnailUrl\":\"https:\/\/www.socialfootballsummit.com\/wp-content\/uploads\/2025\/07\/Progetto-senza-titolo-2025-07-09T153828.587.jpg\",\"keywords\":[\"allianz stadium\",\"annuncio\",\"SFS25\"],\"articleSection\":[\"Blog\",\"Blog\"],\"inLanguage\":\"it-IT\"},{\"@type\":\"WebPage\",\"@id\":\"https:\/\/www.socialfootballsummit.com\/it\/sfs-lottava-edizione-sbarca-allallianz-stadium-di-torino\/\",\"url\":\"https:\/\/www.socialfootballsummit.com\/it\/sfs-lottava-edizione-sbarca-allallianz-stadium-di-torino\/\",\"name\":\"SFS: l'ottava edizione sbarca all\u2019Allianz Stadium di Torino - SFS\",\"isPartOf\":{\"@id\":\"https:\/\/www.socialfootballsummit.com\/it\/#website\"},\"primaryImageOfPage\":{\"@id\":\"https:\/\/www.socialfootballsummit.com\/it\/sfs-lottava-edizione-sbarca-allallianz-stadium-di-torino\/#primaryimage\"},\"image\":{\"@id\":\"https:\/\/www.socialfootballsummit.com\/it\/sfs-lottava-edizione-sbarca-allallianz-stadium-di-torino\/#primaryimage\"},\"thumbnailUrl\":\"https:\/\/www.socialfootballsummit.com\/wp-content\/uploads\/2025\/07\/Progetto-senza-titolo-2025-07-09T153828.587.jpg\",\"datePublished\":\"2025-07-09T13:50:50+00:00\",\"dateModified\":\"2025-07-09T14:44:55+00:00\",\"description\":\"Saranno presenti oltre 150 speaker di rilievo internazionale, tra cui rappresentanti di FIFA, UEFA, FIGC, Lega Serie A, club europei, aziende tech, dirigenti, atleti e innovatori del settore.\",\"breadcrumb\":{\"@id\":\"https:\/\/www.socialfootballsummit.com\/it\/sfs-lottava-edizione-sbarca-allallianz-stadium-di-torino\/#breadcrumb\"},\"inLanguage\":\"it-IT\",\"potentialAction\":[{\"@type\":\"ReadAction\",\"target\":[\"https:\/\/www.socialfootballsummit.com\/it\/sfs-lottava-edizione-sbarca-allallianz-stadium-di-torino\/\"]}]},{\"@type\":\"ImageObject\",\"inLanguage\":\"it-IT\",\"@id\":\"https:\/\/www.socialfootballsummit.com\/it\/sfs-lottava-edizione-sbarca-allallianz-stadium-di-torino\/#primaryimage\",\"url\":\"https:\/\/www.socialfootballsummit.com\/wp-content\/uploads\/2025\/07\/Progetto-senza-titolo-2025-07-09T153828.587.jpg\",\"contentUrl\":\"https:\/\/www.socialfootballsummit.com\/wp-content\/uploads\/2025\/07\/Progetto-senza-titolo-2025-07-09T153828.587.jpg\",\"width\":1200,\"height\":630},{\"@type\":\"BreadcrumbList\",\"@id\":\"https:\/\/www.socialfootballsummit.com\/it\/sfs-lottava-edizione-sbarca-allallianz-stadium-di-torino\/#breadcrumb\",\"itemListElement\":[{\"@type\":\"ListItem\",\"position\":1,\"name\":\"Home\",\"item\":\"https:\/\/www.socialfootballsummit.com\/it\/\"},{\"@type\":\"ListItem\",\"position\":2,\"name\":\"SFS: l&#8217;ottava edizione sbarca all\u2019Allianz Stadium di Torino\"}]},{\"@type\":\"WebSite\",\"@id\":\"https:\/\/www.socialfootballsummit.com\/it\/#website\",\"url\":\"https:\/\/www.socialfootballsummit.com\/it\/\",\"name\":\"SFS\",\"description\":\"\",\"publisher\":{\"@id\":\"https:\/\/www.socialfootballsummit.com\/it\/#organization\"},\"potentialAction\":[{\"@type\":\"SearchAction\",\"target\":{\"@type\":\"EntryPoint\",\"urlTemplate\":\"https:\/\/www.socialfootballsummit.com\/it\/?s={search_term_string}\"},\"query-input\":{\"@type\":\"PropertyValueSpecification\",\"valueRequired\":true,\"valueName\":\"search_term_string\"}}],\"inLanguage\":\"it-IT\"},{\"@type\":\"Organization\",\"@id\":\"https:\/\/www.socialfootballsummit.com\/it\/#organization\",\"name\":\"SFS\",\"url\":\"https:\/\/www.socialfootballsummit.com\/it\/\",\"logo\":{\"@type\":\"ImageObject\",\"inLanguage\":\"it-IT\",\"@id\":\"https:\/\/www.socialfootballsummit.com\/it\/#\/schema\/logo\/image\/\",\"url\":\"https:\/\/www.socialfootballsummit.com\/wp-content\/uploads\/2024\/06\/SFS-logo-696x696-1.jpg\",\"contentUrl\":\"https:\/\/www.socialfootballsummit.com\/wp-content\/uploads\/2024\/06\/SFS-logo-696x696-1.jpg\",\"width\":697,\"height\":696,\"caption\":\"SFS\"},\"image\":{\"@id\":\"https:\/\/www.socialfootballsummit.com\/it\/#\/schema\/logo\/image\/\"},\"sameAs\":[\"https:\/\/www.facebook.com\/sfsummit\",\"https:\/\/www.instagram.com\/social_football_summit\/\",\"https:\/\/www.youtube.com\/@socialfootballsummit\",\"https:\/\/www.linkedin.com\/showcase\/socialfootballsummit\/?originalSubdomain=it\"]},{\"@type\":\"Person\",\"@id\":\"https:\/\/www.socialfootballsummit.com\/it\/#\/schema\/person\/5778867c98c9aaf1d31cc529baa24b88\",\"name\":\"Marco Carlotti\",\"url\":\"https:\/\/www.socialfootballsummit.com\/it\/author\/m-carlotti\/\"}]}<\/script>\n<!-- \/ Yoast SEO plugin. -->","yoast_head_json":{"title":"SFS: l'ottava edizione sbarca all\u2019Allianz Stadium di Torino - SFS","description":"Saranno presenti oltre 150 speaker di rilievo internazionale, tra cui rappresentanti di FIFA, UEFA, FIGC, Lega Serie A, club europei, aziende tech, dirigenti, atleti e innovatori del settore.","robots":{"index":"index","follow":"follow","max-snippet":"max-snippet:-1","max-image-preview":"max-image-preview:large","max-video-preview":"max-video-preview:-1"},"canonical":"https:\/\/www.socialfootballsummit.com\/it\/sfs-lottava-edizione-sbarca-allallianz-stadium-di-torino\/","og_locale":"it_IT","og_type":"article","og_title":"SFS: l'ottava edizione sbarca all\u2019Allianz Stadium di Torino - SFS","og_description":"Saranno presenti oltre 150 speaker di rilievo internazionale, tra cui rappresentanti di FIFA, UEFA, FIGC, Lega Serie A, club europei, aziende tech, dirigenti, atleti e innovatori del settore.","og_url":"https:\/\/www.socialfootballsummit.com\/it\/sfs-lottava-edizione-sbarca-allallianz-stadium-di-torino\/","og_site_name":"SFS","article_publisher":"https:\/\/www.facebook.com\/sfsummit","article_published_time":"2025-07-09T13:50:50+00:00","article_modified_time":"2025-07-09T14:44:55+00:00","og_image":[{"width":1200,"height":630,"url":"https:\/\/www.socialfootballsummit.com\/wp-content\/uploads\/2025\/07\/Progetto-senza-titolo-2025-07-09T153828.587.jpg","type":"image\/jpeg"}],"author":"Marco Carlotti","twitter_card":"summary_large_image","twitter_misc":{"Scritto da":"Marco Carlotti","Tempo di lettura stimato":"2 minuti"},"schema":{"@context":"https:\/\/schema.org","@graph":[{"@type":"Article","@id":"https:\/\/www.socialfootballsummit.com\/it\/sfs-lottava-edizione-sbarca-allallianz-stadium-di-torino\/#article","isPartOf":{"@id":"https:\/\/www.socialfootballsummit.com\/it\/sfs-lottava-edizione-sbarca-allallianz-stadium-di-torino\/"},"author":{"name":"Marco Carlotti","@id":"https:\/\/www.socialfootballsummit.com\/it\/#\/schema\/person\/5778867c98c9aaf1d31cc529baa24b88"},"headline":"SFS: l&#8217;ottava edizione sbarca all\u2019Allianz Stadium di Torino","datePublished":"2025-07-09T13:50:50+00:00","dateModified":"2025-07-09T14:44:55+00:00","mainEntityOfPage":{"@id":"https:\/\/www.socialfootballsummit.com\/it\/sfs-lottava-edizione-sbarca-allallianz-stadium-di-torino\/"},"wordCount":365,"publisher":{"@id":"https:\/\/www.socialfootballsummit.com\/it\/#organization"},"image":{"@id":"https:\/\/www.socialfootballsummit.com\/it\/sfs-lottava-edizione-sbarca-allallianz-stadium-di-torino\/#primaryimage"},"thumbnailUrl":"https:\/\/www.socialfootballsummit.com\/wp-content\/uploads\/2025\/07\/Progetto-senza-titolo-2025-07-09T153828.587.jpg","keywords":["allianz stadium","annuncio","SFS25"],"articleSection":["Blog","Blog"],"inLanguage":"it-IT"},{"@type":"WebPage","@id":"https:\/\/www.socialfootballsummit.com\/it\/sfs-lottava-edizione-sbarca-allallianz-stadium-di-torino\/","url":"https:\/\/www.socialfootballsummit.com\/it\/sfs-lottava-edizione-sbarca-allallianz-stadium-di-torino\/","name":"SFS: l'ottava edizione sbarca all\u2019Allianz Stadium di Torino - SFS","isPartOf":{"@id":"https:\/\/www.socialfootballsummit.com\/it\/#website"},"primaryImageOfPage":{"@id":"https:\/\/www.socialfootballsummit.com\/it\/sfs-lottava-edizione-sbarca-allallianz-stadium-di-torino\/#primaryimage"},"image":{"@id":"https:\/\/www.socialfootballsummit.com\/it\/sfs-lottava-edizione-sbarca-allallianz-stadium-di-torino\/#primaryimage"},"thumbnailUrl":"https:\/\/www.socialfootballsummit.com\/wp-content\/uploads\/2025\/07\/Progetto-senza-titolo-2025-07-09T153828.587.jpg","datePublished":"2025-07-09T13:50:50+00:00","dateModified":"2025-07-09T14:44:55+00:00","description":"Saranno presenti oltre 150 speaker di rilievo internazionale, tra cui rappresentanti di FIFA, UEFA, FIGC, Lega Serie A, club europei, aziende tech, dirigenti, atleti e innovatori del settore.","breadcrumb":{"@id":"https:\/\/www.socialfootballsummit.com\/it\/sfs-lottava-edizione-sbarca-allallianz-stadium-di-torino\/#breadcrumb"},"inLanguage":"it-IT","potentialAction":[{"@type":"ReadAction","target":["https:\/\/www.socialfootballsummit.com\/it\/sfs-lottava-edizione-sbarca-allallianz-stadium-di-torino\/"]}]},{"@type":"ImageObject","inLanguage":"it-IT","@id":"https:\/\/www.socialfootballsummit.com\/it\/sfs-lottava-edizione-sbarca-allallianz-stadium-di-torino\/#primaryimage","url":"https:\/\/www.socialfootballsummit.com\/wp-content\/uploads\/2025\/07\/Progetto-senza-titolo-2025-07-09T153828.587.jpg","contentUrl":"https:\/\/www.socialfootballsummit.com\/wp-content\/uploads\/2025\/07\/Progetto-senza-titolo-2025-07-09T153828.587.jpg","width":1200,"height":630},{"@type":"BreadcrumbList","@id":"https:\/\/www.socialfootballsummit.com\/it\/sfs-lottava-edizione-sbarca-allallianz-stadium-di-torino\/#breadcrumb","itemListElement":[{"@type":"ListItem","position":1,"name":"Home","item":"https:\/\/www.socialfootballsummit.com\/it\/"},{"@type":"ListItem","position":2,"name":"SFS: l&#8217;ottava edizione sbarca all\u2019Allianz Stadium di Torino"}]},{"@type":"WebSite","@id":"https:\/\/www.socialfootballsummit.com\/it\/#website","url":"https:\/\/www.socialfootballsummit.com\/it\/","name":"SFS","description":"","publisher":{"@id":"https:\/\/www.socialfootballsummit.com\/it\/#organization"},"potentialAction":[{"@type":"SearchAction","target":{"@type":"EntryPoint","urlTemplate":"https:\/\/www.socialfootballsummit.com\/it\/?s={search_term_string}"},"query-input":{"@type":"PropertyValueSpecification","valueRequired":true,"valueName":"search_term_string"}}],"inLanguage":"it-IT"},{"@type":"Organization","@id":"https:\/\/www.socialfootballsummit.com\/it\/#organization","name":"SFS","url":"https:\/\/www.socialfootballsummit.com\/it\/","logo":{"@type":"ImageObject","inLanguage":"it-IT","@id":"https:\/\/www.socialfootballsummit.com\/it\/#\/schema\/logo\/image\/","url":"https:\/\/www.socialfootballsummit.com\/wp-content\/uploads\/2024\/06\/SFS-logo-696x696-1.jpg","contentUrl":"https:\/\/www.socialfootballsummit.com\/wp-content\/uploads\/2024\/06\/SFS-logo-696x696-1.jpg","width":697,"height":696,"caption":"SFS"},"image":{"@id":"https:\/\/www.socialfootballsummit.com\/it\/#\/schema\/logo\/image\/"},"sameAs":["https:\/\/www.facebook.com\/sfsummit","https:\/\/www.instagram.com\/social_football_summit\/","https:\/\/www.youtube.com\/@socialfootballsummit","https:\/\/www.linkedin.com\/showcase\/socialfootballsummit\/?originalSubdomain=it"]},{"@type":"Person","@id":"https:\/\/www.socialfootballsummit.com\/it\/#\/schema\/person\/5778867c98c9aaf1d31cc529baa24b88","name":"Marco Carlotti","url":"https:\/\/www.socialfootballsummit.com\/it\/author\/m-carlotti\/"}]}},"_links":{"self":[{"href":"https:\/\/www.socialfootballsummit.com\/it\/wp-json\/wp\/v2\/posts\/26995","targetHints":{"allow":["GET"]}}],"collection":[{"href":"https:\/\/www.socialfootballsummit.com\/it\/wp-json\/wp\/v2\/posts"}],"about":[{"href":"https:\/\/www.socialfootballsummit.com\/it\/wp-json\/wp\/v2\/types\/post"}],"author":[{"embeddable":true,"href":"https:\/\/www.socialfootballsummit.com\/it\/wp-json\/wp\/v2\/users\/20"}],"replies":[{"embeddable":true,"href":"https:\/\/www.socialfootballsummit.com\/it\/wp-json\/wp\/v2\/comments?post=26995"}],"version-history":[{"count":5,"href":"https:\/\/www.socialfootballsummit.com\/it\/wp-json\/wp\/v2\/posts\/26995\/revisions"}],"predecessor-version":[{"id":27013,"href":"https:\/\/www.socialfootballsummit.com\/it\/wp-json\/wp\/v2\/posts\/26995\/revisions\/27013"}],"wp:featuredmedia":[{"embeddable":true,"href":"https:\/\/www.socialfootballsummit.com\/it\/wp-json\/wp\/v2\/media\/26996"}],"wp:attachment":[{"href":"https:\/\/www.socialfootballsummit.com\/it\/wp-json\/wp\/v2\/media?parent=26995"}],"wp:term":[{"taxonomy":"category","embeddable":true,"href":"https:\/\/www.socialfootballsummit.com\/it\/wp-json\/wp\/v2\/categories?post=26995"},{"taxonomy":"post_tag","embeddable":true,"href":"https:\/\/www.socialfootballsummit.com\/it\/wp-json\/wp\/v2\/tags?post=26995"},{"taxonomy":"author","embeddable":true,"href":"https:\/\/www.socialfootballsummit.com\/it\/wp-json\/wp\/v2\/coauthors?post=26995"}],"curies":[{"name":"wp","href":"https:\/\/api.w.org\/{rel}","templated":true}]}}