{"id":27133,"date":"2025-07-30T15:38:29","date_gmt":"2025-07-30T13:38:29","guid":{"rendered":"https:\/\/www.socialfootballsummit.com\/?p=27133"},"modified":"2025-07-30T15:41:57","modified_gmt":"2025-07-30T13:41:57","slug":"area-csr-lnd-assieme-a-fondazione-sylva-per-lambiente","status":"publish","type":"post","link":"https:\/\/www.socialfootballsummit.com\/it\/area-csr-lnd-assieme-a-fondazione-sylva-per-lambiente\/","title":{"rendered":"AREA CSR LND ASSIEME A FONDAZIONE SYLVA PER L&#8217;AMBIENTE"},"content":{"rendered":"\n<p><strong>Una nuova iniziativa della Lega Dilettanti a sostegno dell&#8217;ambiente nel corso delle finali scudetto di Beach Soccer<\/strong><br><\/p>\n\n\n\n<p><em>Roma, 30 luglio 2025<\/em>&#8211; Un impegno concreto per l&#8217;ambiente, realizzato attraverso lo sport, nello specifico il beach soccer, che ha come scopo la piantumazione di alberi.<\/p>\n\n\n\n<p>Si lega a questo obiettivo l&#8217;impegno dell&#8217;Area CSR della Lega Dilettanti che nel corso delle finali lancia la collaborazione con Fondazione Sylva, organizzazione senza scopo di lucro che si occupa di rigenerazione ambientale attraverso la forestazione.<\/p>\n\n\n\n<p>La partnership prevede, oltre ad altre iniziative, anche l&#8217;ingresso in campo con le maglie fornite da Fondazione Sylva. Sono di colore verde e comunicano il messaggio a sostegno dell&#8217;ambiente, che si traduce in un impegno continuo e concreto, &#8220;Non c&#8217;\u00e8 pi\u00f9 ossigeno da perdere&#8221;.<\/p>\n\n\n\n<p>L&#8217;iniziativa prende vita in occasione delle tappa conclusiva del Beach Soccer a Cir\u00f2 Marina (KR), suggestiva cornice che ospita le finali scudetto della Serie A Q8 maschile e femminile, il campionato nazionale Q8 Under 20 oltre ai playoff della Poule Promozione e della serie B.<\/p>\n\n\n\n<p>&#8220;L&#8217;impegno e l&#8217;attenzione della Lega Dilettanti per la tutela dell&#8217;ambiente rimane costante- spiega&nbsp;<strong>Luca De Simoni, Coordinatore Area CSR Lega Dilettanti-&nbsp;<\/strong>e la collaborazione con Fondazione Sylva rappresenta un tassello fondamentale di un percorso intrapreso dal Beach Soccer sempre pi\u00f9 improntato alla sostenibilit\u00e0, accostando alla messa a dimore degli alberi, una serie di attenzioni crescenti per ridurre l&#8217;impatto del Beach Soccer Tour.&#8221;<\/p>\n\n\n\n<p>&#8220;Siamo molto felici di collaborare con la Lega Nazionale Dilettanti, che fa dello sport un veicolo per diffondere i valori della responsabilit\u00e0 sociale e ambientale &#8211; dice il&nbsp;<strong>presidente di Fondazione Sylva, Luigi de Vecchi.&nbsp;<\/strong>Un&#8217;occasione straordinaria per unire le forze, coinvolgendo atleti, pubblico, tifosi, e contribuire insieme a mitigare gli effetti del cambiamento climatico. Per ogni partita del campionato Beach Soccer 2025, maschile e femminile, Sylva pianter\u00e0 un albero appartenente alle specie della macchia mediterranea. L&#8217;obiettivo \u00e8 creare boschi per produrre ossigeno e preservare la biodiversit\u00e0&#8221;.<\/p>\n","protected":false},"excerpt":{"rendered":"<p>Una nuova iniziativa della Lega Dilettanti a sostegno dell&#8217;ambiente nel corso delle finali scudetto di Beach Soccer Roma, 30 luglio 2025&#8211; Un impegno concreto per l&#8217;ambiente, realizzato attraverso lo sport, nello specifico il beach soccer, che ha come scopo la piantumazione di alberi. Si lega a questo obiettivo l&#8217;impegno dell&#8217;Area CSR della Lega Dilettanti che nel corso delle finali lancia la collaborazione con Fondazione Sylva, organizzazione senza scopo di lucro che si occupa di rigenerazione ambientale attraverso la forestazione. La [&hellip;]<\/p>\n","protected":false},"author":7,"featured_media":27135,"comment_status":"closed","ping_status":"closed","sticky":false,"template":"","format":"standard","meta":{"_acf_changed":false,"inline_featured_image":false,"footnotes":""},"categories":[152,163],"tags":[352,434,273],"coauthors":[],"class_list":["post-27133","post","type-post","status-publish","format-standard","has-post-thumbnail","hentry","category-blog","category-blog-2","tag-lnd-2","tag-responsabilita-sociale","tag-sfs-2"],"acf":[],"yoast_head":"<!-- This site is optimized with the Yoast SEO plugin v24.4 - https:\/\/yoast.com\/wordpress\/plugins\/seo\/ -->\n<title>AREA CSR LND ASSIEME A FONDAZIONE SYLVA PER L&#039;AMBIENTE - SFS<\/title>\n<meta name=\"description\" content=\"La partnership prevede, oltre ad altre iniziative, anche l&#039;ingresso in campo con le maglie fornite da Fondazione Sylva\" \/>\n<meta name=\"robots\" content=\"index, follow, max-snippet:-1, max-image-preview:large, max-video-preview:-1\" \/>\n<link rel=\"canonical\" href=\"https:\/\/www.socialfootballsummit.com\/it\/area-csr-lnd-assieme-a-fondazione-sylva-per-lambiente\/\" \/>\n<meta property=\"og:locale\" content=\"it_IT\" \/>\n<meta property=\"og:type\" content=\"article\" \/>\n<meta property=\"og:title\" content=\"AREA CSR LND ASSIEME A FONDAZIONE SYLVA PER L&#039;AMBIENTE - SFS\" \/>\n<meta property=\"og:description\" content=\"La partnership prevede, oltre ad altre iniziative, anche l&#039;ingresso in campo con le maglie fornite da Fondazione Sylva\" \/>\n<meta property=\"og:url\" content=\"https:\/\/www.socialfootballsummit.com\/it\/area-csr-lnd-assieme-a-fondazione-sylva-per-lambiente\/\" \/>\n<meta property=\"og:site_name\" content=\"SFS\" \/>\n<meta property=\"article:publisher\" content=\"https:\/\/www.facebook.com\/sfsummit\" \/>\n<meta property=\"article:published_time\" content=\"2025-07-30T13:38:29+00:00\" \/>\n<meta property=\"article:modified_time\" content=\"2025-07-30T13:41:57+00:00\" \/>\n<meta property=\"og:image\" content=\"https:\/\/www.socialfootballsummit.com\/wp-content\/uploads\/2025\/07\/Progetto-senza-titolo-2025-07-30T153357.790.jpg\" \/>\n\t<meta property=\"og:image:width\" content=\"1200\" \/>\n\t<meta property=\"og:image:height\" content=\"630\" \/>\n\t<meta property=\"og:image:type\" content=\"image\/jpeg\" \/>\n<meta name=\"author\" content=\"Redazione SFS\" \/>\n<meta name=\"twitter:card\" content=\"summary_large_image\" \/>\n<meta name=\"twitter:label1\" content=\"Scritto da\" \/>\n\t<meta name=\"twitter:data1\" content=\"Redazione SFS\" \/>\n\t<meta name=\"twitter:label2\" content=\"Tempo di lettura stimato\" \/>\n\t<meta name=\"twitter:data2\" content=\"2 minuti\" \/>\n<script type=\"application\/ld+json\" class=\"yoast-schema-graph\">{\"@context\":\"https:\/\/schema.org\",\"@graph\":[{\"@type\":\"Article\",\"@id\":\"https:\/\/www.socialfootballsummit.com\/it\/area-csr-lnd-assieme-a-fondazione-sylva-per-lambiente\/#article\",\"isPartOf\":{\"@id\":\"https:\/\/www.socialfootballsummit.com\/it\/area-csr-lnd-assieme-a-fondazione-sylva-per-lambiente\/\"},\"author\":{\"name\":\"Redazione SFS\",\"@id\":\"https:\/\/www.socialfootballsummit.com\/it\/#\/schema\/person\/c5cbc78878c0566eef7e00effb8969fc\"},\"headline\":\"AREA CSR LND ASSIEME A FONDAZIONE SYLVA PER L&#8217;AMBIENTE\",\"datePublished\":\"2025-07-30T13:38:29+00:00\",\"dateModified\":\"2025-07-30T13:41:57+00:00\",\"mainEntityOfPage\":{\"@id\":\"https:\/\/www.socialfootballsummit.com\/it\/area-csr-lnd-assieme-a-fondazione-sylva-per-lambiente\/\"},\"wordCount\":326,\"publisher\":{\"@id\":\"https:\/\/www.socialfootballsummit.com\/it\/#organization\"},\"image\":{\"@id\":\"https:\/\/www.socialfootballsummit.com\/it\/area-csr-lnd-assieme-a-fondazione-sylva-per-lambiente\/#primaryimage\"},\"thumbnailUrl\":\"https:\/\/www.socialfootballsummit.com\/wp-content\/uploads\/2025\/07\/Progetto-senza-titolo-2025-07-30T153357.790.jpg\",\"keywords\":[\"LND\",\"responsabilit\u00e0 sociale\",\"SFS\"],\"articleSection\":[\"Blog\",\"Blog\"],\"inLanguage\":\"it-IT\"},{\"@type\":\"WebPage\",\"@id\":\"https:\/\/www.socialfootballsummit.com\/it\/area-csr-lnd-assieme-a-fondazione-sylva-per-lambiente\/\",\"url\":\"https:\/\/www.socialfootballsummit.com\/it\/area-csr-lnd-assieme-a-fondazione-sylva-per-lambiente\/\",\"name\":\"AREA CSR LND ASSIEME A FONDAZIONE SYLVA PER L'AMBIENTE - SFS\",\"isPartOf\":{\"@id\":\"https:\/\/www.socialfootballsummit.com\/it\/#website\"},\"primaryImageOfPage\":{\"@id\":\"https:\/\/www.socialfootballsummit.com\/it\/area-csr-lnd-assieme-a-fondazione-sylva-per-lambiente\/#primaryimage\"},\"image\":{\"@id\":\"https:\/\/www.socialfootballsummit.com\/it\/area-csr-lnd-assieme-a-fondazione-sylva-per-lambiente\/#primaryimage\"},\"thumbnailUrl\":\"https:\/\/www.socialfootballsummit.com\/wp-content\/uploads\/2025\/07\/Progetto-senza-titolo-2025-07-30T153357.790.jpg\",\"datePublished\":\"2025-07-30T13:38:29+00:00\",\"dateModified\":\"2025-07-30T13:41:57+00:00\",\"description\":\"La partnership prevede, oltre ad altre iniziative, anche l'ingresso in campo con le maglie fornite da Fondazione Sylva\",\"breadcrumb\":{\"@id\":\"https:\/\/www.socialfootballsummit.com\/it\/area-csr-lnd-assieme-a-fondazione-sylva-per-lambiente\/#breadcrumb\"},\"inLanguage\":\"it-IT\",\"potentialAction\":[{\"@type\":\"ReadAction\",\"target\":[\"https:\/\/www.socialfootballsummit.com\/it\/area-csr-lnd-assieme-a-fondazione-sylva-per-lambiente\/\"]}]},{\"@type\":\"ImageObject\",\"inLanguage\":\"it-IT\",\"@id\":\"https:\/\/www.socialfootballsummit.com\/it\/area-csr-lnd-assieme-a-fondazione-sylva-per-lambiente\/#primaryimage\",\"url\":\"https:\/\/www.socialfootballsummit.com\/wp-content\/uploads\/2025\/07\/Progetto-senza-titolo-2025-07-30T153357.790.jpg\",\"contentUrl\":\"https:\/\/www.socialfootballsummit.com\/wp-content\/uploads\/2025\/07\/Progetto-senza-titolo-2025-07-30T153357.790.jpg\",\"width\":1200,\"height\":630},{\"@type\":\"BreadcrumbList\",\"@id\":\"https:\/\/www.socialfootballsummit.com\/it\/area-csr-lnd-assieme-a-fondazione-sylva-per-lambiente\/#breadcrumb\",\"itemListElement\":[{\"@type\":\"ListItem\",\"position\":1,\"name\":\"Home\",\"item\":\"https:\/\/www.socialfootballsummit.com\/it\/\"},{\"@type\":\"ListItem\",\"position\":2,\"name\":\"AREA CSR LND ASSIEME A FONDAZIONE SYLVA PER L&#8217;AMBIENTE\"}]},{\"@type\":\"WebSite\",\"@id\":\"https:\/\/www.socialfootballsummit.com\/it\/#website\",\"url\":\"https:\/\/www.socialfootballsummit.com\/it\/\",\"name\":\"SFS\",\"description\":\"\",\"publisher\":{\"@id\":\"https:\/\/www.socialfootballsummit.com\/it\/#organization\"},\"potentialAction\":[{\"@type\":\"SearchAction\",\"target\":{\"@type\":\"EntryPoint\",\"urlTemplate\":\"https:\/\/www.socialfootballsummit.com\/it\/?s={search_term_string}\"},\"query-input\":{\"@type\":\"PropertyValueSpecification\",\"valueRequired\":true,\"valueName\":\"search_term_string\"}}],\"inLanguage\":\"it-IT\"},{\"@type\":\"Organization\",\"@id\":\"https:\/\/www.socialfootballsummit.com\/it\/#organization\",\"name\":\"SFS\",\"url\":\"https:\/\/www.socialfootballsummit.com\/it\/\",\"logo\":{\"@type\":\"ImageObject\",\"inLanguage\":\"it-IT\",\"@id\":\"https:\/\/www.socialfootballsummit.com\/it\/#\/schema\/logo\/image\/\",\"url\":\"https:\/\/www.socialfootballsummit.com\/wp-content\/uploads\/2024\/06\/SFS-logo-696x696-1.jpg\",\"contentUrl\":\"https:\/\/www.socialfootballsummit.com\/wp-content\/uploads\/2024\/06\/SFS-logo-696x696-1.jpg\",\"width\":697,\"height\":696,\"caption\":\"SFS\"},\"image\":{\"@id\":\"https:\/\/www.socialfootballsummit.com\/it\/#\/schema\/logo\/image\/\"},\"sameAs\":[\"https:\/\/www.facebook.com\/sfsummit\",\"https:\/\/www.instagram.com\/social_football_summit\/\",\"https:\/\/www.youtube.com\/@socialfootballsummit\",\"https:\/\/www.linkedin.com\/showcase\/socialfootballsummit\/?originalSubdomain=it\"]},{\"@type\":\"Person\",\"@id\":\"https:\/\/www.socialfootballsummit.com\/it\/#\/schema\/person\/c5cbc78878c0566eef7e00effb8969fc\",\"name\":\"Redazione SFS\",\"url\":\"https:\/\/www.socialfootballsummit.com\/it\/author\/redazione-sfs23\/\"}]}<\/script>\n<!-- \/ Yoast SEO plugin. -->","yoast_head_json":{"title":"AREA CSR LND ASSIEME A FONDAZIONE SYLVA PER L'AMBIENTE - SFS","description":"La partnership prevede, oltre ad altre iniziative, anche l'ingresso in campo con le maglie fornite da Fondazione Sylva","robots":{"index":"index","follow":"follow","max-snippet":"max-snippet:-1","max-image-preview":"max-image-preview:large","max-video-preview":"max-video-preview:-1"},"canonical":"https:\/\/www.socialfootballsummit.com\/it\/area-csr-lnd-assieme-a-fondazione-sylva-per-lambiente\/","og_locale":"it_IT","og_type":"article","og_title":"AREA CSR LND ASSIEME A FONDAZIONE SYLVA PER L'AMBIENTE - SFS","og_description":"La partnership prevede, oltre ad altre iniziative, anche l'ingresso in campo con le maglie fornite da Fondazione Sylva","og_url":"https:\/\/www.socialfootballsummit.com\/it\/area-csr-lnd-assieme-a-fondazione-sylva-per-lambiente\/","og_site_name":"SFS","article_publisher":"https:\/\/www.facebook.com\/sfsummit","article_published_time":"2025-07-30T13:38:29+00:00","article_modified_time":"2025-07-30T13:41:57+00:00","og_image":[{"width":1200,"height":630,"url":"https:\/\/www.socialfootballsummit.com\/wp-content\/uploads\/2025\/07\/Progetto-senza-titolo-2025-07-30T153357.790.jpg","type":"image\/jpeg"}],"author":"Redazione SFS","twitter_card":"summary_large_image","twitter_misc":{"Scritto da":"Redazione SFS","Tempo di lettura stimato":"2 minuti"},"schema":{"@context":"https:\/\/schema.org","@graph":[{"@type":"Article","@id":"https:\/\/www.socialfootballsummit.com\/it\/area-csr-lnd-assieme-a-fondazione-sylva-per-lambiente\/#article","isPartOf":{"@id":"https:\/\/www.socialfootballsummit.com\/it\/area-csr-lnd-assieme-a-fondazione-sylva-per-lambiente\/"},"author":{"name":"Redazione SFS","@id":"https:\/\/www.socialfootballsummit.com\/it\/#\/schema\/person\/c5cbc78878c0566eef7e00effb8969fc"},"headline":"AREA CSR LND ASSIEME A FONDAZIONE SYLVA PER L&#8217;AMBIENTE","datePublished":"2025-07-30T13:38:29+00:00","dateModified":"2025-07-30T13:41:57+00:00","mainEntityOfPage":{"@id":"https:\/\/www.socialfootballsummit.com\/it\/area-csr-lnd-assieme-a-fondazione-sylva-per-lambiente\/"},"wordCount":326,"publisher":{"@id":"https:\/\/www.socialfootballsummit.com\/it\/#organization"},"image":{"@id":"https:\/\/www.socialfootballsummit.com\/it\/area-csr-lnd-assieme-a-fondazione-sylva-per-lambiente\/#primaryimage"},"thumbnailUrl":"https:\/\/www.socialfootballsummit.com\/wp-content\/uploads\/2025\/07\/Progetto-senza-titolo-2025-07-30T153357.790.jpg","keywords":["LND","responsabilit\u00e0 sociale","SFS"],"articleSection":["Blog","Blog"],"inLanguage":"it-IT"},{"@type":"WebPage","@id":"https:\/\/www.socialfootballsummit.com\/it\/area-csr-lnd-assieme-a-fondazione-sylva-per-lambiente\/","url":"https:\/\/www.socialfootballsummit.com\/it\/area-csr-lnd-assieme-a-fondazione-sylva-per-lambiente\/","name":"AREA CSR LND ASSIEME A FONDAZIONE SYLVA PER L'AMBIENTE - SFS","isPartOf":{"@id":"https:\/\/www.socialfootballsummit.com\/it\/#website"},"primaryImageOfPage":{"@id":"https:\/\/www.socialfootballsummit.com\/it\/area-csr-lnd-assieme-a-fondazione-sylva-per-lambiente\/#primaryimage"},"image":{"@id":"https:\/\/www.socialfootballsummit.com\/it\/area-csr-lnd-assieme-a-fondazione-sylva-per-lambiente\/#primaryimage"},"thumbnailUrl":"https:\/\/www.socialfootballsummit.com\/wp-content\/uploads\/2025\/07\/Progetto-senza-titolo-2025-07-30T153357.790.jpg","datePublished":"2025-07-30T13:38:29+00:00","dateModified":"2025-07-30T13:41:57+00:00","description":"La partnership prevede, oltre ad altre iniziative, anche l'ingresso in campo con le maglie fornite da Fondazione Sylva","breadcrumb":{"@id":"https:\/\/www.socialfootballsummit.com\/it\/area-csr-lnd-assieme-a-fondazione-sylva-per-lambiente\/#breadcrumb"},"inLanguage":"it-IT","potentialAction":[{"@type":"ReadAction","target":["https:\/\/www.socialfootballsummit.com\/it\/area-csr-lnd-assieme-a-fondazione-sylva-per-lambiente\/"]}]},{"@type":"ImageObject","inLanguage":"it-IT","@id":"https:\/\/www.socialfootballsummit.com\/it\/area-csr-lnd-assieme-a-fondazione-sylva-per-lambiente\/#primaryimage","url":"https:\/\/www.socialfootballsummit.com\/wp-content\/uploads\/2025\/07\/Progetto-senza-titolo-2025-07-30T153357.790.jpg","contentUrl":"https:\/\/www.socialfootballsummit.com\/wp-content\/uploads\/2025\/07\/Progetto-senza-titolo-2025-07-30T153357.790.jpg","width":1200,"height":630},{"@type":"BreadcrumbList","@id":"https:\/\/www.socialfootballsummit.com\/it\/area-csr-lnd-assieme-a-fondazione-sylva-per-lambiente\/#breadcrumb","itemListElement":[{"@type":"ListItem","position":1,"name":"Home","item":"https:\/\/www.socialfootballsummit.com\/it\/"},{"@type":"ListItem","position":2,"name":"AREA CSR LND ASSIEME A FONDAZIONE SYLVA PER L&#8217;AMBIENTE"}]},{"@type":"WebSite","@id":"https:\/\/www.socialfootballsummit.com\/it\/#website","url":"https:\/\/www.socialfootballsummit.com\/it\/","name":"SFS","description":"","publisher":{"@id":"https:\/\/www.socialfootballsummit.com\/it\/#organization"},"potentialAction":[{"@type":"SearchAction","target":{"@type":"EntryPoint","urlTemplate":"https:\/\/www.socialfootballsummit.com\/it\/?s={search_term_string}"},"query-input":{"@type":"PropertyValueSpecification","valueRequired":true,"valueName":"search_term_string"}}],"inLanguage":"it-IT"},{"@type":"Organization","@id":"https:\/\/www.socialfootballsummit.com\/it\/#organization","name":"SFS","url":"https:\/\/www.socialfootballsummit.com\/it\/","logo":{"@type":"ImageObject","inLanguage":"it-IT","@id":"https:\/\/www.socialfootballsummit.com\/it\/#\/schema\/logo\/image\/","url":"https:\/\/www.socialfootballsummit.com\/wp-content\/uploads\/2024\/06\/SFS-logo-696x696-1.jpg","contentUrl":"https:\/\/www.socialfootballsummit.com\/wp-content\/uploads\/2024\/06\/SFS-logo-696x696-1.jpg","width":697,"height":696,"caption":"SFS"},"image":{"@id":"https:\/\/www.socialfootballsummit.com\/it\/#\/schema\/logo\/image\/"},"sameAs":["https:\/\/www.facebook.com\/sfsummit","https:\/\/www.instagram.com\/social_football_summit\/","https:\/\/www.youtube.com\/@socialfootballsummit","https:\/\/www.linkedin.com\/showcase\/socialfootballsummit\/?originalSubdomain=it"]},{"@type":"Person","@id":"https:\/\/www.socialfootballsummit.com\/it\/#\/schema\/person\/c5cbc78878c0566eef7e00effb8969fc","name":"Redazione SFS","url":"https:\/\/www.socialfootballsummit.com\/it\/author\/redazione-sfs23\/"}]}},"_links":{"self":[{"href":"https:\/\/www.socialfootballsummit.com\/it\/wp-json\/wp\/v2\/posts\/27133","targetHints":{"allow":["GET"]}}],"collection":[{"href":"https:\/\/www.socialfootballsummit.com\/it\/wp-json\/wp\/v2\/posts"}],"about":[{"href":"https:\/\/www.socialfootballsummit.com\/it\/wp-json\/wp\/v2\/types\/post"}],"author":[{"embeddable":true,"href":"https:\/\/www.socialfootballsummit.com\/it\/wp-json\/wp\/v2\/users\/7"}],"replies":[{"embeddable":true,"href":"https:\/\/www.socialfootballsummit.com\/it\/wp-json\/wp\/v2\/comments?post=27133"}],"version-history":[{"count":1,"href":"https:\/\/www.socialfootballsummit.com\/it\/wp-json\/wp\/v2\/posts\/27133\/revisions"}],"predecessor-version":[{"id":27134,"href":"https:\/\/www.socialfootballsummit.com\/it\/wp-json\/wp\/v2\/posts\/27133\/revisions\/27134"}],"wp:featuredmedia":[{"embeddable":true,"href":"https:\/\/www.socialfootballsummit.com\/it\/wp-json\/wp\/v2\/media\/27135"}],"wp:attachment":[{"href":"https:\/\/www.socialfootballsummit.com\/it\/wp-json\/wp\/v2\/media?parent=27133"}],"wp:term":[{"taxonomy":"category","embeddable":true,"href":"https:\/\/www.socialfootballsummit.com\/it\/wp-json\/wp\/v2\/categories?post=27133"},{"taxonomy":"post_tag","embeddable":true,"href":"https:\/\/www.socialfootballsummit.com\/it\/wp-json\/wp\/v2\/tags?post=27133"},{"taxonomy":"author","embeddable":true,"href":"https:\/\/www.socialfootballsummit.com\/it\/wp-json\/wp\/v2\/coauthors?post=27133"}],"curies":[{"name":"wp","href":"https:\/\/api.w.org\/{rel}","templated":true}]}}